{"id":80073,"date":"2023-08-01T09:11:00","date_gmt":"2023-08-01T12:11:00","guid":{"rendered":"https:\/\/portalmovil.com.ar\/?p=80073"},"modified":"2023-08-01T21:21:11","modified_gmt":"2023-08-02T00:21:11","slug":"maxima-seguridad-400-efectivos-de-la-policias-custodian-la-fiscalia-para-evitar-disturbios","status":"publish","type":"post","link":"https:\/\/portalmovil.com.ar\/index.php\/2023\/08\/01\/maxima-seguridad-400-efectivos-de-la-policias-custodian-la-fiscalia-para-evitar-disturbios\/","title":{"rendered":"M\u00e1xima seguridad: 400 efectivos de la polic\u00edas custodian la Fiscal\u00eda para evitar disturbios"},"content":{"rendered":"\n<p>.<\/p>\n\n\n\n<p>En el marco de las audiencias de oposici\u00f3n y de nulidades planteadas por las defensas de Emerenciano Sena y Marcela Acu\u00f1a, ambos imputados como coautores del asesinato de Cecilia Strzyzowski , la fiscal\u00eda en turno solicit\u00f3 el vallado en toda la cuadra de fiscal\u00eda y la presencia de personal policial de refuerzo para custodia de la sede fiscal.<\/p>\n\n\n\n<p><br>El vallado ser\u00e1 instalado por personal policial a partir de las 20 de este martes, por lo que el tr\u00e1nsito en la avenida 9 de julio 236 de Resistencia ser\u00e1 interrumpido en toda la cuadra hasta el viernes 4 de agosto, en virtud a las audiencias previstas por la causa, donde se espera la presencia de distintos movimientos sociales.<\/p>\n\n\n\n<p><br>En este marco, la Jefatura de la Polic\u00eda del Chaco dispuso la afectaci\u00f3n de unos 400 efectivos de las divisiones Infanter\u00eda, Cuerpo de Operaciones Especiales, Cuerpo de Operaciones Motorizada, Polic\u00eda Caminera, Caballer\u00eda, &nbsp;Agentes Comunitarios y Convencionales con el fin de garantizar la seguridad de las personas que deban asistir a la sede fiscal as\u00ed como tambi\u00e9n de los ciudadanos y las ciudadanas que deban circular por la zona.&nbsp;<\/p>\n\n\n\n<p><br>Se convoca a la comunidad a mantener la calma y acompa\u00f1ar el pedido de Justicia de forma pac\u00edfica. Asimismo, desde el Estado provincial, se garantiza que no habr\u00e1 tolerancia ante cualquier situaci\u00f3n de violencia o incitaci\u00f3n a la misma, dado que \u00e9stos son delitos graves que atentan contra la paz social.<\/p>\n","protected":false},"excerpt":{"rendered":"<p>. En el marco de las audiencias de oposici\u00f3n y de nulidades planteadas por las defensas de Emerenciano Sena y Marcela Acu\u00f1a, ambos imputados como coautores del asesinato de Cecilia Strzyzowski , la fiscal\u00eda en turno solicit\u00f3 el vallado en toda la cuadra de fiscal\u00eda y la presencia de personal policial de refuerzo para custodia &hellip;<\/p>\n","protected":false},"author":2,"featured_media":80074,"comment_status":"open","ping_status":"open","sticky":false,"template":"","format":"standard","meta":{"_jetpack_memberships_contains_paid_content":false,"footnotes":"","jetpack_publicize_message":"","jetpack_publicize_feature_enabled":true,"jetpack_social_post_already_shared":true,"jetpack_social_options":{"image_generator_settings":{"template":"highway","default_image_id":0,"font":"","enabled":false},"version":2}},"categories":[5,12],"tags":[],"class_list":["post-80073","post","type-post","status-publish","format-standard","has-post-thumbnail","hentry","category-chaco","category-ultimo"],"jetpack_publicize_connections":[],"jetpack_featured_media_url":"https:\/\/portalmovil.com.ar\/wp-content\/uploads\/2023\/08\/078cde61-de9b-46fa-96d9-fcebbedaedd9.jpg","jetpack_sharing_enabled":true,"amp_enabled":true,"_links":{"self":[{"href":"https:\/\/portalmovil.com.ar\/index.php\/wp-json\/wp\/v2\/posts\/80073","targetHints":{"allow":["GET"]}}],"collection":[{"href":"https:\/\/portalmovil.com.ar\/index.php\/wp-json\/wp\/v2\/posts"}],"about":[{"href":"https:\/\/portalmovil.com.ar\/index.php\/wp-json\/wp\/v2\/types\/post"}],"author":[{"embeddable":true,"href":"https:\/\/portalmovil.com.ar\/index.php\/wp-json\/wp\/v2\/users\/2"}],"replies":[{"embeddable":true,"href":"https:\/\/portalmovil.com.ar\/index.php\/wp-json\/wp\/v2\/comments?post=80073"}],"version-history":[{"count":1,"href":"https:\/\/portalmovil.com.ar\/index.php\/wp-json\/wp\/v2\/posts\/80073\/revisions"}],"predecessor-version":[{"id":80075,"href":"https:\/\/portalmovil.com.ar\/index.php\/wp-json\/wp\/v2\/posts\/80073\/revisions\/80075"}],"wp:featuredmedia":[{"embeddable":true,"href":"https:\/\/portalmovil.com.ar\/index.php\/wp-json\/wp\/v2\/media\/80074"}],"wp:attachment":[{"href":"https:\/\/portalmovil.com.ar\/index.php\/wp-json\/wp\/v2\/media?parent=80073"}],"wp:term":[{"taxonomy":"category","embeddable":true,"href":"https:\/\/portalmovil.com.ar\/index.php\/wp-json\/wp\/v2\/categories?post=80073"},{"taxonomy":"post_tag","embeddable":true,"href":"https:\/\/portalmovil.com.ar\/index.php\/wp-json\/wp\/v2\/tags?post=80073"}],"curies":[{"name":"wp","href":"https:\/\/api.w.org\/{rel}","templated":true}]}}