{"id":79803,"date":"2023-07-28T11:52:18","date_gmt":"2023-07-28T14:52:18","guid":{"rendered":"https:\/\/portalmovil.com.ar\/?p=79803"},"modified":"2023-07-28T11:52:21","modified_gmt":"2023-07-28T14:52:21","slug":"se-viene-el-festival-del-choripan-el-29-y-30-de-julio-en-puerto-tirol","status":"publish","type":"post","link":"https:\/\/portalmovil.com.ar\/index.php\/2023\/07\/28\/se-viene-el-festival-del-choripan-el-29-y-30-de-julio-en-puerto-tirol\/","title":{"rendered":"Se viene el Festival del Chorip\u00e1n el 29 y 30 de julio en Puerto Tirol"},"content":{"rendered":"\n<p>Ma\u00f1ana s\u00e1bado 29 Puerto Tirol comenzar\u00e1 a vivir el Segundo Festival del Chorip\u00e1n con el desfile de grupos de cumbia chaque\u00f1a. El domingo 30 habr\u00e1 varios reconocimientos a quienes dejaron sus huellas como aporte a la construcci\u00f3n de una ciudad con claro perfil cultural e industrial.<\/p>\n\n\n\n<p>La nueva edici\u00f3n del festival en el que la gastronom\u00eda estar\u00e1 concentrada exclusivamente a la degustaci\u00f3n de la t\u00edpica y popular comida criolla se desarrollar\u00e1 en el Centro Cultural y contar\u00e1 con la actuaci\u00f3n de Los Kpos, Los Conti y el grupo Destellos.<\/p>\n\n\n\n<p>Como una atracci\u00f3n extra los organizadores del festejo, en honor de los 27 a\u00f1os de la Carnicer\u00eda \u00abEl Molino\u00bb, previeron que con el bono contribuci\u00f3n se sortear\u00e1 un televisor smart.<\/p>\n\n\n\n<p>Finalmente en la jornada del domingo 30, a partir de las 18, se har\u00e1n reconocimientos a personajes de la localidad tirolera con la animaci\u00f3n de DJ, que al ritmo de los vinilos revivir\u00e1n recuerdos inolvidables de d\u00e9cadas atr\u00e1s.<\/p>\n","protected":false},"excerpt":{"rendered":"<p>La nueva edici\u00f3n del festival en el que la gastronom\u00eda estar\u00e1 concentrada exclusivamente a la degustaci\u00f3n de la t\u00edpica y popular comida criolla se desarrollar\u00e1 en el Centro Cultural y contar\u00e1 con la actuaci\u00f3n de Los Kpos, Los Conti y el grupo Destellos.<\/p>\n","protected":false},"author":6,"featured_media":79804,"comment_status":"open","ping_status":"open","sticky":false,"template":"","format":"standard","meta":{"_jetpack_memberships_contains_paid_content":false,"footnotes":"","jetpack_publicize_message":"","jetpack_publicize_feature_enabled":true,"jetpack_social_post_already_shared":true,"jetpack_social_options":{"image_generator_settings":{"template":"highway","default_image_id":0,"font":"","enabled":false},"version":2}},"categories":[5,3],"tags":[],"class_list":["post-79803","post","type-post","status-publish","format-standard","has-post-thumbnail","hentry","category-chaco","category-sociedad"],"jetpack_publicize_connections":[],"jetpack_featured_media_url":"https:\/\/portalmovil.com.ar\/wp-content\/uploads\/2023\/07\/festival-del-choripan.jpg","jetpack_sharing_enabled":true,"amp_enabled":true,"_links":{"self":[{"href":"https:\/\/portalmovil.com.ar\/index.php\/wp-json\/wp\/v2\/posts\/79803","targetHints":{"allow":["GET"]}}],"collection":[{"href":"https:\/\/portalmovil.com.ar\/index.php\/wp-json\/wp\/v2\/posts"}],"about":[{"href":"https:\/\/portalmovil.com.ar\/index.php\/wp-json\/wp\/v2\/types\/post"}],"author":[{"embeddable":true,"href":"https:\/\/portalmovil.com.ar\/index.php\/wp-json\/wp\/v2\/users\/6"}],"replies":[{"embeddable":true,"href":"https:\/\/portalmovil.com.ar\/index.php\/wp-json\/wp\/v2\/comments?post=79803"}],"version-history":[{"count":1,"href":"https:\/\/portalmovil.com.ar\/index.php\/wp-json\/wp\/v2\/posts\/79803\/revisions"}],"predecessor-version":[{"id":79805,"href":"https:\/\/portalmovil.com.ar\/index.php\/wp-json\/wp\/v2\/posts\/79803\/revisions\/79805"}],"wp:featuredmedia":[{"embeddable":true,"href":"https:\/\/portalmovil.com.ar\/index.php\/wp-json\/wp\/v2\/media\/79804"}],"wp:attachment":[{"href":"https:\/\/portalmovil.com.ar\/index.php\/wp-json\/wp\/v2\/media?parent=79803"}],"wp:term":[{"taxonomy":"category","embeddable":true,"href":"https:\/\/portalmovil.com.ar\/index.php\/wp-json\/wp\/v2\/categories?post=79803"},{"taxonomy":"post_tag","embeddable":true,"href":"https:\/\/portalmovil.com.ar\/index.php\/wp-json\/wp\/v2\/tags?post=79803"}],"curies":[{"name":"wp","href":"https:\/\/api.w.org\/{rel}","templated":true}]}}