{"id":7979,"date":"2020-06-20T13:22:28","date_gmt":"2020-06-20T16:22:28","guid":{"rendered":"http:\/\/portalmovil.com.ar\/?p=7979"},"modified":"2020-06-20T13:22:31","modified_gmt":"2020-06-20T16:22:31","slug":"en-el-dia-de-la-bandera-fernandez-dijo-que-belgrano-inspira-a-hacer-la-utopia-de-un-pais-mejor","status":"publish","type":"post","link":"https:\/\/portalmovil.com.ar\/index.php\/2020\/06\/20\/en-el-dia-de-la-bandera-fernandez-dijo-que-belgrano-inspira-a-hacer-la-utopia-de-un-pais-mejor\/","title":{"rendered":"En el D\u00eda de la Bandera, Fern\u00e1ndez dijo que Belgrano \u00abinspira a hacer la utop\u00eda de un pa\u00eds mejor\u00bb"},"content":{"rendered":"\n<p>El presidente Alberto Fern\u00e1ndez afirm\u00f3 hoy que Manuel Belgrano, de cuyo fallecimiento se cumplen hoy 200 a\u00f1os, lo \u00abinspira a pensar que los argentinos podemos hacer la utop\u00eda de un pa\u00eds mejor, m\u00e1s justo\u00bb, al encabezar el acto por el D\u00eda de la Bandera desde la residencia de Olivos.<\/p>\n\n\n\n<p>\u00abEn este tiempo singular de la Argentina asediada por la pandemia, y por un pa\u00eds castigado por la desigualdad y por el olvido al que han sido condenados millones de argentinos, Belgrano me inspira a pensar que los argentinos podemos hacer la utop\u00eda de un pa\u00eds mejor\u00bb, dijo el mandatario al encabezar el acto.<\/p>\n\n\n\n<p>La conmemoraci\u00f3n central se realiz\u00f3 en el Monumento Nacional a la Bandera de Rosario y el mandatario la presidi\u00f3, en forma virtual, desde Olivos, junto a integrantes del gabinete nacional.<\/p>\n","protected":false},"excerpt":{"rendered":"<p>El presidente Alberto Fern\u00e1ndez afirm\u00f3 hoy que Manuel Belgrano, de cuyo fallecimiento se cumplen hoy 200 a\u00f1os, lo \u00abinspira a pensar que los argentinos podemos hacer la utop\u00eda de un pa\u00eds mejor, m\u00e1s justo\u00bb, al encabezar el acto por el D\u00eda de la Bandera desde la residencia de Olivos. \u00abEn este tiempo singular de la &hellip;<\/p>\n","protected":false},"author":2,"featured_media":7980,"comment_status":"open","ping_status":"open","sticky":false,"template":"","format":"standard","meta":{"_jetpack_memberships_contains_paid_content":false,"footnotes":"","jetpack_publicize_message":"","jetpack_publicize_feature_enabled":true,"jetpack_social_post_already_shared":true,"jetpack_social_options":{"image_generator_settings":{"template":"highway","default_image_id":0,"font":"","enabled":false},"version":2}},"categories":[34,14],"tags":[],"class_list":["post-7979","post","type-post","status-publish","format-standard","has-post-thumbnail","hentry","category-nacional","category-politica"],"jetpack_publicize_connections":[],"jetpack_featured_media_url":"https:\/\/portalmovil.com.ar\/wp-content\/uploads\/2020\/06\/5eee2db8cb140_1004x565.jpg","jetpack_sharing_enabled":true,"amp_enabled":true,"_links":{"self":[{"href":"https:\/\/portalmovil.com.ar\/index.php\/wp-json\/wp\/v2\/posts\/7979","targetHints":{"allow":["GET"]}}],"collection":[{"href":"https:\/\/portalmovil.com.ar\/index.php\/wp-json\/wp\/v2\/posts"}],"about":[{"href":"https:\/\/portalmovil.com.ar\/index.php\/wp-json\/wp\/v2\/types\/post"}],"author":[{"embeddable":true,"href":"https:\/\/portalmovil.com.ar\/index.php\/wp-json\/wp\/v2\/users\/2"}],"replies":[{"embeddable":true,"href":"https:\/\/portalmovil.com.ar\/index.php\/wp-json\/wp\/v2\/comments?post=7979"}],"version-history":[{"count":1,"href":"https:\/\/portalmovil.com.ar\/index.php\/wp-json\/wp\/v2\/posts\/7979\/revisions"}],"predecessor-version":[{"id":7981,"href":"https:\/\/portalmovil.com.ar\/index.php\/wp-json\/wp\/v2\/posts\/7979\/revisions\/7981"}],"wp:featuredmedia":[{"embeddable":true,"href":"https:\/\/portalmovil.com.ar\/index.php\/wp-json\/wp\/v2\/media\/7980"}],"wp:attachment":[{"href":"https:\/\/portalmovil.com.ar\/index.php\/wp-json\/wp\/v2\/media?parent=7979"}],"wp:term":[{"taxonomy":"category","embeddable":true,"href":"https:\/\/portalmovil.com.ar\/index.php\/wp-json\/wp\/v2\/categories?post=7979"},{"taxonomy":"post_tag","embeddable":true,"href":"https:\/\/portalmovil.com.ar\/index.php\/wp-json\/wp\/v2\/tags?post=7979"}],"curies":[{"name":"wp","href":"https:\/\/api.w.org\/{rel}","templated":true}]}}