{"id":79530,"date":"2023-07-24T19:54:43","date_gmt":"2023-07-24T22:54:43","guid":{"rendered":"https:\/\/portalmovil.com.ar\/?p=79530"},"modified":"2023-07-24T19:54:45","modified_gmt":"2023-07-24T22:54:45","slug":"lanzan-operativos-con-fuerzas-federales-saenz-pena-y-el-gran-resistencia","status":"publish","type":"post","link":"https:\/\/portalmovil.com.ar\/index.php\/2023\/07\/24\/lanzan-operativos-con-fuerzas-federales-saenz-pena-y-el-gran-resistencia\/","title":{"rendered":"Lanzan operativos con fuerzas federales S\u00e1enz Pe\u00f1a y el Gran Resistencia"},"content":{"rendered":"\n<p>El gobernador Jorge Capitanich se reuni\u00f3 este lunes con representantes de las fuerzas federales de seguridad, de la Polic\u00eda del Chaco y de la Uni\u00f3n Personal de Seguridad de la Rep\u00fablica Argentina (UPSRA). En mesas de trabajo, que se enmarcan en el plan de seguridad \u00abEscuchar para Hacer\u00bb elaborado junto a vecinos, definieron \u00abuna estrategia para incrementar la presencia de los agentes con operativos din\u00e1micos de prevenci\u00f3n\u00bb.<\/p>\n\n\n\n<p>\u00abNos reunimos con el objeto de coordinar un modelo de acci\u00f3n territorial para aumentar el control operacional en el Gran Resistencia, con 700 efectivos y 85 patrulleros, incorporando adem\u00e1s la polic\u00eda comunitaria de Barranqueras\u00bb, indic\u00f3 el mandatario. A trav\u00e9s del mapa de delitos que aborda el Ministerio de Seguridad y Justicia, lograron identificar los principales corredores y cuadr\u00edculas a intervenir en los pr\u00f3ximos d\u00edas.<\/p>\n\n\n\n<p>En total, unos 11.600 agentes estar\u00e1n distribuidos en toda la provincia, principalmente en las \u00abzonas de calor\u00bb del Gran Resistencia y de S\u00e1enz Pe\u00f1a identificadas por dicho mapa. El subsecretario de Planificaci\u00f3n de Seguridad y Justicia, Leandro \u00c1lvarez, particip\u00f3 de los encuentros y explic\u00f3 que \u00abse trata de un trabajo similar al realizado durante la pandemia, cuando se trazaron diferentes \u00e1reas de abordaje en articulaci\u00f3n con las fuerzas\u00bb.<\/p>\n\n\n\n<p>\u00abA cada fuerza se le asign\u00f3 un sector espec\u00edfico en distintos horarios, pero focalizando sobre todo entre las 17 y las 21, que es el horario donde se registran m\u00e1s delitos\u00bb, se\u00f1al\u00f3 el funcionario, y agreg\u00f3: \u00abDespu\u00e9s de las 21 vamos a rotar en distintos barrios a la par de que iremos haciendo allanamientos en funci\u00f3n de lo que dicte el Ministerio P\u00fablico Fiscal en desarmaderos, chacaritas y todo lo relacionado a narcomenudeo y narcotr\u00e1fico\u00bb.<\/p>\n\n\n\n<h2 class=\"wp-block-heading\"><strong>PARADAS SEGURAS, DENUNCIAS DIGITALES Y BOTONES DE P\u00c1NICO<\/strong><\/h2>\n\n\n\n<p>Seg\u00fan el mapa de delitos de la Provincia, en las paradas de colectivos ocurren el 10% de los delitos totales, por lo que definieron un sistema de prevenci\u00f3n espec\u00edfico en 1.474 puntos de espera del transporte p\u00fablico. A su vez, \u00abse habilitar\u00e1n garitas policiales en determinados sectores para resguardo de los vecinos, pensando sobre todo en las y los trabajadores\u00bb, coment\u00f3 \u00c1lvarez.<\/p>\n\n\n\n<p>Tambi\u00e9n se proveer\u00e1 botones de p\u00e1nico a ch\u00f3feres de colectivos, de remises y de taxis, para tener comunicaci\u00f3n directa con el servicio 911 y as\u00ed atender cualquier emergencia mientras se encuentran trabajando.<\/p>\n\n\n\n<p>\u00abAdem\u00e1s de los operativos, vamos a contar en tiempo real con las denuncias digitales que se registren en la app, as\u00ed como las que se realicen al 911 y en las comisar\u00edas. Vamos a tener un monitoreo inmediato para ir trabajando sobre los procedimientos\u00bb, agreg\u00f3 el subsecretario, recomendando adem\u00e1s que las y los conductores de motos salgan con su documentaci\u00f3n y con casco, ya que las fuerzas reforzar\u00e1n los controles con una aplicaci\u00f3n de registro de motos robadas.<\/p>\n\n\n\n<h2 class=\"wp-block-heading\"><strong>PEDIDOS VECINALES<\/strong><\/h2>\n\n\n\n<p>La medida se pondr\u00e1 en marcha con la Polic\u00eda provincial, la Polic\u00eda Federal, Gendarmer\u00eda, Prefectura y la Polic\u00eda Aeroportuaria, como resultado de los encuentros vecinales que viene manteniendo el gobernador en los diferentes circuitos. En esos espacios, adem\u00e1s de obras de infraestructura, la principal demanda es precisamente la seguridad p\u00fablica.<\/p>\n\n\n\n<p>De la misma manera, Capitanich convoc\u00f3 a representantes de seguridad privada buscando garantizar \u00abla m\u00e1xima cobertura territorial posible y de manera inmediata\u00bb. \u00abLo que buscamos junto a las agencias de seguridad privada -unas 40 que nuclean a cerca de 1.300 agentes registrados en toda la provincia- es integrarlos a la red primaria para ampliar la capacidad\u00bb, dijo \u00c1lvarez.<\/p>\n\n\n\n<p>El delegado de UPSRA, Daniel Toledo \u00abpuso en valor la invitaci\u00f3n del gobernador a colaborar con los operativos\u00bb. \u00abEs una muy buena iniciativa, a la cual nosotros vamos a apoyar en todo lo que el gobernador nos pida\u00bb, expres\u00f3, y asegur\u00f3 \u00abque fue un encuentro muy positivo ya que pudieron comentarle al mandatario su situaci\u00f3n laboral\u00bb.<\/p>\n\n\n\n<p>En ese sentido, Capitanich puso \u00aba disposici\u00f3n de las empresas los programas de empleo y de entrenamiento laboral que lleva adelante la Provincia para trabajar en conjunto una instancia de capacitaci\u00f3n de agentes privados\u00bb.<\/p>\n","protected":false},"excerpt":{"rendered":"<p>El gobernador Jorge Capitanich se reuni\u00f3 este lunes con representantes de las fuerzas federales de seguridad, de la Polic\u00eda del Chaco y de la Uni\u00f3n Personal de Seguridad de la Rep\u00fablica Argentina (UPSRA). En mesas de trabajo, que se enmarcan en el plan de seguridad \u00abEscuchar para Hacer\u00bb elaborado junto a vecinos, definieron \u00abuna estrategia &hellip;<\/p>\n","protected":false},"author":2,"featured_media":79531,"comment_status":"open","ping_status":"open","sticky":false,"template":"","format":"standard","meta":{"_jetpack_memberships_contains_paid_content":false,"footnotes":"","jetpack_publicize_message":"","jetpack_publicize_feature_enabled":true,"jetpack_social_post_already_shared":true,"jetpack_social_options":{"image_generator_settings":{"template":"highway","default_image_id":0,"font":"","enabled":false},"version":2}},"categories":[5,14],"tags":[],"class_list":["post-79530","post","type-post","status-publish","format-standard","has-post-thumbnail","hentry","category-chaco","category-politica"],"jetpack_publicize_connections":[],"jetpack_featured_media_url":"https:\/\/portalmovil.com.ar\/wp-content\/uploads\/2023\/07\/Gendarmeria-OperativoCharata2023-696x492-1.jpg","jetpack_sharing_enabled":true,"amp_enabled":true,"_links":{"self":[{"href":"https:\/\/portalmovil.com.ar\/index.php\/wp-json\/wp\/v2\/posts\/79530","targetHints":{"allow":["GET"]}}],"collection":[{"href":"https:\/\/portalmovil.com.ar\/index.php\/wp-json\/wp\/v2\/posts"}],"about":[{"href":"https:\/\/portalmovil.com.ar\/index.php\/wp-json\/wp\/v2\/types\/post"}],"author":[{"embeddable":true,"href":"https:\/\/portalmovil.com.ar\/index.php\/wp-json\/wp\/v2\/users\/2"}],"replies":[{"embeddable":true,"href":"https:\/\/portalmovil.com.ar\/index.php\/wp-json\/wp\/v2\/comments?post=79530"}],"version-history":[{"count":1,"href":"https:\/\/portalmovil.com.ar\/index.php\/wp-json\/wp\/v2\/posts\/79530\/revisions"}],"predecessor-version":[{"id":79532,"href":"https:\/\/portalmovil.com.ar\/index.php\/wp-json\/wp\/v2\/posts\/79530\/revisions\/79532"}],"wp:featuredmedia":[{"embeddable":true,"href":"https:\/\/portalmovil.com.ar\/index.php\/wp-json\/wp\/v2\/media\/79531"}],"wp:attachment":[{"href":"https:\/\/portalmovil.com.ar\/index.php\/wp-json\/wp\/v2\/media?parent=79530"}],"wp:term":[{"taxonomy":"category","embeddable":true,"href":"https:\/\/portalmovil.com.ar\/index.php\/wp-json\/wp\/v2\/categories?post=79530"},{"taxonomy":"post_tag","embeddable":true,"href":"https:\/\/portalmovil.com.ar\/index.php\/wp-json\/wp\/v2\/tags?post=79530"}],"curies":[{"name":"wp","href":"https:\/\/api.w.org\/{rel}","templated":true}]}}