{"id":7953,"date":"2020-06-19T16:22:31","date_gmt":"2020-06-19T19:22:31","guid":{"rendered":"http:\/\/portalmovil.com.ar\/?p=7953"},"modified":"2020-06-19T16:22:34","modified_gmt":"2020-06-19T19:22:34","slug":"el-gobierno-prorrogo-el-congelamiento-de-tarifas-y-la-prohibicion-de-cortes-de-los-servicios-publicos","status":"publish","type":"post","link":"https:\/\/portalmovil.com.ar\/index.php\/2020\/06\/19\/el-gobierno-prorrogo-el-congelamiento-de-tarifas-y-la-prohibicion-de-cortes-de-los-servicios-publicos\/","title":{"rendered":"El Gobierno prorrog\u00f3 el congelamiento de tarifas y la prohibici\u00f3n de cortes de los servicios p\u00fablicos"},"content":{"rendered":"\n<p>El gobierno nacional congel\u00f3 hasta fin de a\u00f1o las tarifas de los servicios p\u00fablicos y suspendi\u00f3 por el mismo per\u00edodo los cortes por falta de pago\u00a0tanto de la luz, agua y gas, como as\u00ed tambi\u00e9n de la telefon\u00eda m\u00f3vil y fija, internet y televisi\u00f3n por cable.<\/p>\n\n\n\n<p>La medida establecida por el Decreto de Necesidad y Urgencia (DNU) 543\/2020 publicado hoy en el Bolet\u00edn Oficial fue tomada\u00a0en el marco de la emergencia econ\u00f3mica\u00a0y apunta a\u00a0evitar que las econom\u00edas familiares colapsen tras la crisis desatada por la pandemia de coronavirus. Adem\u00e1s protege a los sectores m\u00e1s vulnerables de la posible falta de servicios.<\/p>\n\n\n\n<p>El decreto prorroga el art\u00edculo 5\u00b0 de la ley 27.541 que vencer\u00e1 en los pr\u00f3ximos d\u00edas y le da un plazo adicional de 180 d\u00edas corridos. Establece que \u201clas empresas prestadoras de los servicios de energ\u00eda el\u00e9ctrica, gas por redes y agua corriente, telefon\u00eda fija o m\u00f3vil e Internet y TV por cable, por v\u00ednculo radioel\u00e9ctrico o satelital, no podr\u00e1n disponer la suspensi\u00f3n o el corte de los respectivos servicios\u201d.<\/p>\n\n\n\n<p>Adem\u00e1s, precisa que las compa\u00f1\u00edas no podr\u00e1n interrumpir los servicios por mora o falta de pago de hasta seis facturas consecutivas o alternas con vencimientos desde el 1 de marzo de este a\u00f1o a las siguientes personas:<\/p>\n\n\n\n<p>* Beneficiarios y beneficiarias de la Asignaci\u00f3n Universal por Hijo (AUH) y la Asignaci\u00f3n por Embarazo.<\/p>\n\n\n\n<p>* Beneficiarios y beneficiarias de Pensiones no Contributivas que perciban ingresos mensuales brutos no superiores a 2 veces el Salario M\u00ednimo Vital y M\u00f3vil.<\/p>\n\n\n\n<p>* Usuarios inscriptos en el R\u00e9gimen de Monotributo Social.<\/p>\n\n\n\n<p>* Jubilados y jubiladas; pensionadas y pensionados; y trabajadores y trabajadoras en relaci\u00f3n de dependencia que perciban una remuneraci\u00f3n bruta menor o igual a 2 Salarios M\u00ednimos Vitales y M\u00f3viles.<\/p>\n\n\n\n<p>* Trabajadores monotributistas inscriptos y trabajadoras monotributistas inscriptas en una categor\u00eda cuyo ingreso anual mensualizado no supere en 2 veces el Salario M\u00ednimo Vital y M\u00f3vil.<\/p>\n\n\n\n<p>* Usuarios y usuarias que perciben seguro de desempleo.<\/p>\n\n\n\n<p>* Electrodependientes, beneficiarios de la ley 27.351 que regula los beneficios a personas en esas condiciones.<\/p>\n\n\n\n<p>* Usuarios incorporados y usuarias incorporadas en el R\u00e9gimen Especial de Seguridad Social para Empleados de Casas Particulares.<\/p>\n\n\n\n<p>* Personas exentas en el pago de ABL o tributos locales.<\/p>\n","protected":false},"excerpt":{"rendered":"<p>El gobierno nacional congel\u00f3 hasta fin de a\u00f1o las tarifas de los servicios p\u00fablicos y suspendi\u00f3 por el mismo per\u00edodo los cortes por falta de pago\u00a0tanto de la luz, agua y gas, como as\u00ed tambi\u00e9n de la telefon\u00eda m\u00f3vil y fija, internet y televisi\u00f3n por cable. La medida establecida por el Decreto de Necesidad y &hellip;<\/p>\n","protected":false},"author":2,"featured_media":7954,"comment_status":"open","ping_status":"open","sticky":false,"template":"","format":"standard","meta":{"_jetpack_memberships_contains_paid_content":false,"footnotes":"","jetpack_publicize_message":"","jetpack_publicize_feature_enabled":true,"jetpack_social_post_already_shared":true,"jetpack_social_options":{"image_generator_settings":{"template":"highway","default_image_id":0,"font":"","enabled":false},"version":2}},"categories":[28],"tags":[],"class_list":["post-7953","post","type-post","status-publish","format-standard","has-post-thumbnail","hentry","category-actualidad"],"jetpack_publicize_connections":[],"jetpack_featured_media_url":"https:\/\/portalmovil.com.ar\/wp-content\/uploads\/2020\/06\/fundacion-hay-derecho-34.jpg","jetpack_sharing_enabled":true,"amp_enabled":true,"_links":{"self":[{"href":"https:\/\/portalmovil.com.ar\/index.php\/wp-json\/wp\/v2\/posts\/7953","targetHints":{"allow":["GET"]}}],"collection":[{"href":"https:\/\/portalmovil.com.ar\/index.php\/wp-json\/wp\/v2\/posts"}],"about":[{"href":"https:\/\/portalmovil.com.ar\/index.php\/wp-json\/wp\/v2\/types\/post"}],"author":[{"embeddable":true,"href":"https:\/\/portalmovil.com.ar\/index.php\/wp-json\/wp\/v2\/users\/2"}],"replies":[{"embeddable":true,"href":"https:\/\/portalmovil.com.ar\/index.php\/wp-json\/wp\/v2\/comments?post=7953"}],"version-history":[{"count":1,"href":"https:\/\/portalmovil.com.ar\/index.php\/wp-json\/wp\/v2\/posts\/7953\/revisions"}],"predecessor-version":[{"id":7955,"href":"https:\/\/portalmovil.com.ar\/index.php\/wp-json\/wp\/v2\/posts\/7953\/revisions\/7955"}],"wp:featuredmedia":[{"embeddable":true,"href":"https:\/\/portalmovil.com.ar\/index.php\/wp-json\/wp\/v2\/media\/7954"}],"wp:attachment":[{"href":"https:\/\/portalmovil.com.ar\/index.php\/wp-json\/wp\/v2\/media?parent=7953"}],"wp:term":[{"taxonomy":"category","embeddable":true,"href":"https:\/\/portalmovil.com.ar\/index.php\/wp-json\/wp\/v2\/categories?post=7953"},{"taxonomy":"post_tag","embeddable":true,"href":"https:\/\/portalmovil.com.ar\/index.php\/wp-json\/wp\/v2\/tags?post=7953"}],"curies":[{"name":"wp","href":"https:\/\/api.w.org\/{rel}","templated":true}]}}