{"id":79527,"date":"2023-07-24T19:49:44","date_gmt":"2023-07-24T22:49:44","guid":{"rendered":"https:\/\/portalmovil.com.ar\/?p=79527"},"modified":"2023-07-24T19:49:46","modified_gmt":"2023-07-24T22:49:46","slug":"punto-de-todos-realizaran-operativos-en-distintos-barrios-de-resistencia","status":"publish","type":"post","link":"https:\/\/portalmovil.com.ar\/index.php\/2023\/07\/24\/punto-de-todos-realizaran-operativos-en-distintos-barrios-de-resistencia\/","title":{"rendered":"\u00abPunto de Todos\u00bb: realizar\u00e1n operativos en distintos barrios de Resistencia"},"content":{"rendered":"\n<p><strong>La iniciativa \u00abPunto de Todos\u00bb llegar\u00e1 a diferentes puntos de Resistencia. Este martes el operativo estar\u00e1 en el barrio 150 viviendas, el mi\u00e9rcoles en Villa Seitor, jueves en el barrio 17 de Julio, viernes en Villa Chica y el lunes en el barrio San Jos\u00e9 Obrero. All\u00ed se podr\u00e1n realizar, entre otros, tr\u00e1mites o consultas con Anses, Secheep y Sameep, documentaci\u00f3n, y vacunaci\u00f3n&nbsp;<\/strong>.<\/p>\n\n\n\n<p>En cada jornada de Punto de Todos estar\u00e1n presentes el Ministerio de Salud (con un operativo de toma de signos vitales y vacunaci\u00f3n), ANSES, Secheep, Sameep, Registro Civil y Transporte para la gesti\u00f3n de la tarjeta SUBE. Adem\u00e1s, seg\u00fan disponibilidad, los operativos tambi\u00e9n pueden contar con la presencia de la Secretar\u00eda de Derechos Humanos y G\u00e9neros, Punto Violeta, Ambiente y Desarrollo Territorial Sostenible e Iprodich.<\/p>\n\n\n\n<p>ANSES brindar\u00e1 a vecinos la posibilidad de&nbsp;<strong>consultar sobre el estado de tr\u00e1mites ya iniciados o requisitos para acceder a los distintos beneficios<\/strong>&nbsp;que ofrece el Estado Nacional a trav\u00e9s del ente. Algunas de las gestiones que podr\u00e1n realizarse en cada punto son:&nbsp;<strong>Asignaciones familiares por hijo, por hijo con discapacidad o por hijo para el personal de servicio dom\u00e9stico, por Embarazo, Prenatal, por Matrimonio, por Maternidad, por Nacimiento o Adopci\u00f3n.<\/strong><\/p>\n\n\n\n<p>Adem\u00e1s, estar\u00e1 habilitada la posibilidad de&nbsp;<strong>actualizaci\u00f3n de Datos Personales ADP<\/strong>&nbsp;(Acreditaci\u00f3n de Datos Personales); el&nbsp;<strong>reclamo de haberes impagos; solicitud de constancia de CUIL, asesoramiento en cr\u00e9ditos para Jubilados y Pensionados; y Asesoramiento para Jubilaciones y Pensiones<\/strong>.<\/p>\n\n\n\n<p><strong>Barrio por barrio<\/strong><\/p>\n\n\n\n<p>El&nbsp;<strong>martes 25 de julio<\/strong>, la jornada del Barrio 150 Viviendas Municipal se desarrollar\u00e1 en el espacio verde de Alice Le Saige 1300; el&nbsp;<strong>mi\u00e9rcoles 26<\/strong>, en zona Laguna de Villa Seitor, ubicada en Fray Bertaca entre Juan Domingo Per\u00f3n y Julio A Roca; el&nbsp;<strong>jueves 27<\/strong>, en el espacio verde de Calle Juan de la Cruz Navarro del Barrio 17 de Julio.<\/p>\n\n\n\n<p>El&nbsp;<strong>viernes 28 de julio<\/strong>, la cita es en el galp\u00f3n de la Escuela 700 de Villa Chica, Ameri y Rivadavia; y el&nbsp;<strong>lunes 31 de julio<\/strong>, en el Centro Comunitario del Barrio San Jos\u00e9 Obrero, ubicado en la intersecci\u00f3n de calle Aguar\u00e1 Guaz\u00fa y Pasaje Fotheringham.<\/p>\n\n\n\n<p><strong>Salud visual<\/strong><\/p>\n\n\n\n<p>El Punto de Todos del martes 25 de julio coincidir\u00e1 tambi\u00e9n en la locaci\u00f3n con el&nbsp;<strong>operativo de atenci\u00f3n oftalmol\u00f3gica<\/strong>&nbsp;organizado de manera conjunta entre Naci\u00f3n y Provincia, en el marco del&nbsp;<strong>Programa Nacional \u00abMirarnos\u00bb<\/strong>. Dichos operativos previstos buscan, principalmente la detecci\u00f3n y diagn\u00f3stico de problemas visuales en vecinos y vecinas de la localidad, con prioridad en ni\u00f1os y ni\u00f1as en edad escolar, se\u00f1alaron desde gobierno.<\/p>\n\n\n\n<p><strong>Adem\u00e1s de Resistencia, \u00abMirarnos\u00bb se replicar\u00e1 en Barranqueras y Fontana hasta el 11 de agosto<\/strong>. Durante cada fecha, adem\u00e1s del control&nbsp;<strong>se confeccionar\u00e1n anteojos de receta que se entregar\u00e1n en el acto<\/strong>, al final de la jornada que se extender\u00e1, en todos los casos,&nbsp;<strong>de 10 a 17 horas<\/strong>.<\/p>\n","protected":false},"excerpt":{"rendered":"<p>La iniciativa \u00abPunto de Todos\u00bb llegar\u00e1 a diferentes puntos de Resistencia. Este martes el operativo estar\u00e1 en el barrio 150 viviendas, el mi\u00e9rcoles en Villa Seitor, jueves en el barrio 17 de Julio, viernes en Villa Chica y el lunes en el barrio San Jos\u00e9 Obrero. All\u00ed se podr\u00e1n realizar, entre otros, tr\u00e1mites o consultas &hellip;<\/p>\n","protected":false},"author":2,"featured_media":79528,"comment_status":"open","ping_status":"open","sticky":false,"template":"","format":"standard","meta":{"_jetpack_memberships_contains_paid_content":false,"footnotes":"","jetpack_publicize_message":"","jetpack_publicize_feature_enabled":true,"jetpack_social_post_already_shared":true,"jetpack_social_options":{"image_generator_settings":{"template":"highway","default_image_id":0,"font":"","enabled":false},"version":2}},"categories":[28],"tags":[],"class_list":["post-79527","post","type-post","status-publish","format-standard","has-post-thumbnail","hentry","category-actualidad"],"jetpack_publicize_connections":[],"jetpack_featured_media_url":"https:\/\/portalmovil.com.ar\/wp-content\/uploads\/2023\/07\/141677w850h566c.webp.webp","jetpack_sharing_enabled":true,"amp_enabled":true,"_links":{"self":[{"href":"https:\/\/portalmovil.com.ar\/index.php\/wp-json\/wp\/v2\/posts\/79527","targetHints":{"allow":["GET"]}}],"collection":[{"href":"https:\/\/portalmovil.com.ar\/index.php\/wp-json\/wp\/v2\/posts"}],"about":[{"href":"https:\/\/portalmovil.com.ar\/index.php\/wp-json\/wp\/v2\/types\/post"}],"author":[{"embeddable":true,"href":"https:\/\/portalmovil.com.ar\/index.php\/wp-json\/wp\/v2\/users\/2"}],"replies":[{"embeddable":true,"href":"https:\/\/portalmovil.com.ar\/index.php\/wp-json\/wp\/v2\/comments?post=79527"}],"version-history":[{"count":1,"href":"https:\/\/portalmovil.com.ar\/index.php\/wp-json\/wp\/v2\/posts\/79527\/revisions"}],"predecessor-version":[{"id":79529,"href":"https:\/\/portalmovil.com.ar\/index.php\/wp-json\/wp\/v2\/posts\/79527\/revisions\/79529"}],"wp:featuredmedia":[{"embeddable":true,"href":"https:\/\/portalmovil.com.ar\/index.php\/wp-json\/wp\/v2\/media\/79528"}],"wp:attachment":[{"href":"https:\/\/portalmovil.com.ar\/index.php\/wp-json\/wp\/v2\/media?parent=79527"}],"wp:term":[{"taxonomy":"category","embeddable":true,"href":"https:\/\/portalmovil.com.ar\/index.php\/wp-json\/wp\/v2\/categories?post=79527"},{"taxonomy":"post_tag","embeddable":true,"href":"https:\/\/portalmovil.com.ar\/index.php\/wp-json\/wp\/v2\/tags?post=79527"}],"curies":[{"name":"wp","href":"https:\/\/api.w.org\/{rel}","templated":true}]}}