{"id":79440,"date":"2023-07-23T18:52:45","date_gmt":"2023-07-23T21:52:45","guid":{"rendered":"https:\/\/portalmovil.com.ar\/?p=79440"},"modified":"2023-07-23T18:52:47","modified_gmt":"2023-07-23T21:52:47","slug":"tras-el-veranito-invernal-el-frio-vuelve-al-chaco","status":"publish","type":"post","link":"https:\/\/portalmovil.com.ar\/index.php\/2023\/07\/23\/tras-el-veranito-invernal-el-frio-vuelve-al-chaco\/","title":{"rendered":"Tras el \u00abveranito\u00bb invernal, el fr\u00edo vuelve al Chaco"},"content":{"rendered":"\n<p>Despu\u00e9s de un fin de semana casi veraniego, el Servicio Meteorol\u00f3gico Nacional prev\u00e9 que ir\u00e1 de fresca a fr\u00eda, con un paulatino descenso de la temperatura y la vuelta de las lluvias para el pr\u00f3ximo mi\u00e9rcoles.&nbsp;<\/p>\n\n\n\n<p>Para lo que resta de este domingo, se esperan buenas condiciones del tiempo, pero con un cambio en la direcci\u00f3n del viento hacia los sectores sudeste y sudoeste, que generar\u00e1 un descenso de la temperatura hasta los 20\u00b0, para las \u00faltimas horas del fin de semana.&nbsp;<\/p>\n\n\n\n<p>Durante las primeras horas del lunes, el organismo nacional pronostica un aumento de la nubosidad, con marcas t\u00e9rmicas que se ubicar\u00e1n entre los 17 \u00b0y los 26\u00b0, esto es, unos 5\u00b0 por debajo del promedio, en ambos registros, de los que se registraron en las \u00faltimas jornadas.<\/p>\n\n\n\n<p>Esta tendencia a la baja se notar\u00e1 a\u00fan m\u00e1s el martes, cuando la temperatura m\u00ednima se ubique en los 14\u00b0 y la m\u00e1xima en 19\u00b0, en una jornada que, se espera, transcurra mayormente nublada y con vientos del sur.<\/p>\n\n\n\n<p>Promediando la semana, podr\u00edan producirse algunas precipitaciones, fundamentalmente en Resistencia y zonas aleda\u00f1as. La temperatura m\u00ednima se ubicar\u00eda en los 12\u00b0 y la m\u00e1xima en 18\u00b0, pero el viento soplando desde el sur, con probables r\u00e1fagas de hasta 50 km\/h.&nbsp;<\/p>\n\n\n\n<p>Esto har\u00e1 que, para el jueves, la temperatura m\u00ednima vuelva a romper el piso de los 10\u00b0 para ubicarse en torno a los 8\u00b0; mientras que se espera que la m\u00e1xima no supere los 19\u00b0.&nbsp;<\/p>\n\n\n\n<p>Las condiciones del tiempo comenzar\u00e1n a mejorar a partir de las primeras horas del viernes, con el fr\u00edo ya instalado en la regi\u00f3n, en una jornada que tendr\u00e1 una m\u00ednima de 7\u00b0 y una m\u00e1xima de 19\u00b0, con el cielo parcialmente nublado.&nbsp;<\/p>\n","protected":false},"excerpt":{"rendered":"<p>Despu\u00e9s de un fin de semana casi veraniego, el Servicio Meteorol\u00f3gico Nacional prev\u00e9 que ir\u00e1 de fresca a fr\u00eda, con un paulatino descenso de la temperatura y la vuelta de las lluvias para el pr\u00f3ximo mi\u00e9rcoles.&nbsp; Para lo que resta de este domingo, se esperan buenas condiciones del tiempo, pero con un cambio en la &hellip;<\/p>\n","protected":false},"author":2,"featured_media":60293,"comment_status":"open","ping_status":"open","sticky":false,"template":"","format":"standard","meta":{"_jetpack_memberships_contains_paid_content":false,"footnotes":"","jetpack_publicize_message":"","jetpack_publicize_feature_enabled":true,"jetpack_social_post_already_shared":true,"jetpack_social_options":{"image_generator_settings":{"template":"highway","default_image_id":0,"font":"","enabled":false},"version":2}},"categories":[28,5],"tags":[],"class_list":["post-79440","post","type-post","status-publish","format-standard","has-post-thumbnail","hentry","category-actualidad","category-chaco"],"jetpack_publicize_connections":[],"jetpack_featured_media_url":"https:\/\/portalmovil.com.ar\/wp-content\/uploads\/2022\/07\/294020895_3092604954384855_6224613688209083353_n.jpg","jetpack_sharing_enabled":true,"amp_enabled":true,"_links":{"self":[{"href":"https:\/\/portalmovil.com.ar\/index.php\/wp-json\/wp\/v2\/posts\/79440","targetHints":{"allow":["GET"]}}],"collection":[{"href":"https:\/\/portalmovil.com.ar\/index.php\/wp-json\/wp\/v2\/posts"}],"about":[{"href":"https:\/\/portalmovil.com.ar\/index.php\/wp-json\/wp\/v2\/types\/post"}],"author":[{"embeddable":true,"href":"https:\/\/portalmovil.com.ar\/index.php\/wp-json\/wp\/v2\/users\/2"}],"replies":[{"embeddable":true,"href":"https:\/\/portalmovil.com.ar\/index.php\/wp-json\/wp\/v2\/comments?post=79440"}],"version-history":[{"count":1,"href":"https:\/\/portalmovil.com.ar\/index.php\/wp-json\/wp\/v2\/posts\/79440\/revisions"}],"predecessor-version":[{"id":79441,"href":"https:\/\/portalmovil.com.ar\/index.php\/wp-json\/wp\/v2\/posts\/79440\/revisions\/79441"}],"wp:featuredmedia":[{"embeddable":true,"href":"https:\/\/portalmovil.com.ar\/index.php\/wp-json\/wp\/v2\/media\/60293"}],"wp:attachment":[{"href":"https:\/\/portalmovil.com.ar\/index.php\/wp-json\/wp\/v2\/media?parent=79440"}],"wp:term":[{"taxonomy":"category","embeddable":true,"href":"https:\/\/portalmovil.com.ar\/index.php\/wp-json\/wp\/v2\/categories?post=79440"},{"taxonomy":"post_tag","embeddable":true,"href":"https:\/\/portalmovil.com.ar\/index.php\/wp-json\/wp\/v2\/tags?post=79440"}],"curies":[{"name":"wp","href":"https:\/\/api.w.org\/{rel}","templated":true}]}}