{"id":79409,"date":"2023-07-21T19:50:51","date_gmt":"2023-07-21T22:50:51","guid":{"rendered":"https:\/\/portalmovil.com.ar\/?p=79409"},"modified":"2023-07-21T19:50:53","modified_gmt":"2023-07-21T22:50:53","slug":"sergio-massa-lo-que-se-viene-es-mejor-de-lo-que-se-va","status":"publish","type":"post","link":"https:\/\/portalmovil.com.ar\/index.php\/2023\/07\/21\/sergio-massa-lo-que-se-viene-es-mejor-de-lo-que-se-va\/","title":{"rendered":"Sergio Massa: \u00abLo que se viene es mejor de lo que se va\u00bb"},"content":{"rendered":"\n<p>En el Parque Industrial de Florencia Varela, donde\u00a0<strong>encabeza un acto junto al gobernador Axel Kicillof y el secretario de Industria y Desarrollo Productivo Jos\u00e9 Ignacio de Mendiguren<\/strong>, Sergio Massa realiza se refiri\u00f3 a problemas candentes de la econom\u00eda.<\/p>\n\n\n\n<p>El precandidato presidencial por Uni\u00f3n por la Patria y\u00a0<strong>ministro de Econom\u00eda afirm\u00f3 este viernes que \u201cmejorar los ingresos de los trabajadores es una deuda que el pr\u00f3ximo gobierno tiene que pagar\u201d<\/strong>.<\/p>\n\n\n\n<p>En ese sentido, se\u00f1al\u00f3 que para sostener el mercado interno&nbsp;<strong>\u00abnecesitamos que nuestros jubilados y trabajadores est\u00e9n bien pagos\u00bb<\/strong>.<\/p>\n\n\n\n<p>Tras fustigar a quienes desde la oposici\u00f3n buscan sabotear un acuerdo con el Fondo Monetario Internacional (FMI), sostuvo que&nbsp;<strong>\u201cun pa\u00eds en serio se construye con todos los sectores\u201d y recalc\u00f3 que \u201cfrente a quienes quieren dividir hay que sumar\u201d.<\/strong><\/p>\n","protected":false},"excerpt":{"rendered":"<p>En el Parque Industrial de Florencia Varela, donde\u00a0encabeza un acto junto al gobernador Axel Kicillof y el secretario de Industria y Desarrollo Productivo Jos\u00e9 Ignacio de Mendiguren, Sergio Massa realiza se refiri\u00f3 a problemas candentes de la econom\u00eda. El precandidato presidencial por Uni\u00f3n por la Patria y\u00a0ministro de Econom\u00eda afirm\u00f3 este viernes que \u201cmejorar los &hellip;<\/p>\n","protected":false},"author":2,"featured_media":79411,"comment_status":"open","ping_status":"open","sticky":false,"template":"","format":"standard","meta":{"_jetpack_memberships_contains_paid_content":false,"footnotes":"","jetpack_publicize_message":"","jetpack_publicize_feature_enabled":true,"jetpack_social_post_already_shared":true,"jetpack_social_options":{"image_generator_settings":{"template":"highway","default_image_id":0,"font":"","enabled":false},"version":2}},"categories":[639,14],"tags":[],"class_list":["post-79409","post","type-post","status-publish","format-standard","has-post-thumbnail","hentry","category-argentina","category-politica"],"jetpack_publicize_connections":[],"jetpack_featured_media_url":"https:\/\/portalmovil.com.ar\/wp-content\/uploads\/2023\/07\/64bafa2ea6b70_450.jpg","jetpack_sharing_enabled":true,"amp_enabled":true,"_links":{"self":[{"href":"https:\/\/portalmovil.com.ar\/index.php\/wp-json\/wp\/v2\/posts\/79409","targetHints":{"allow":["GET"]}}],"collection":[{"href":"https:\/\/portalmovil.com.ar\/index.php\/wp-json\/wp\/v2\/posts"}],"about":[{"href":"https:\/\/portalmovil.com.ar\/index.php\/wp-json\/wp\/v2\/types\/post"}],"author":[{"embeddable":true,"href":"https:\/\/portalmovil.com.ar\/index.php\/wp-json\/wp\/v2\/users\/2"}],"replies":[{"embeddable":true,"href":"https:\/\/portalmovil.com.ar\/index.php\/wp-json\/wp\/v2\/comments?post=79409"}],"version-history":[{"count":1,"href":"https:\/\/portalmovil.com.ar\/index.php\/wp-json\/wp\/v2\/posts\/79409\/revisions"}],"predecessor-version":[{"id":79412,"href":"https:\/\/portalmovil.com.ar\/index.php\/wp-json\/wp\/v2\/posts\/79409\/revisions\/79412"}],"wp:featuredmedia":[{"embeddable":true,"href":"https:\/\/portalmovil.com.ar\/index.php\/wp-json\/wp\/v2\/media\/79411"}],"wp:attachment":[{"href":"https:\/\/portalmovil.com.ar\/index.php\/wp-json\/wp\/v2\/media?parent=79409"}],"wp:term":[{"taxonomy":"category","embeddable":true,"href":"https:\/\/portalmovil.com.ar\/index.php\/wp-json\/wp\/v2\/categories?post=79409"},{"taxonomy":"post_tag","embeddable":true,"href":"https:\/\/portalmovil.com.ar\/index.php\/wp-json\/wp\/v2\/tags?post=79409"}],"curies":[{"name":"wp","href":"https:\/\/api.w.org\/{rel}","templated":true}]}}