{"id":79342,"date":"2023-07-21T01:56:00","date_gmt":"2023-07-21T04:56:00","guid":{"rendered":"https:\/\/portalmovil.com.ar\/?p=79342"},"modified":"2023-07-21T10:02:22","modified_gmt":"2023-07-21T13:02:22","slug":"putin-amenazo-a-polonia-responderemos-con-todos-los-medios-a-nuestra-disposicion","status":"publish","type":"post","link":"https:\/\/portalmovil.com.ar\/index.php\/2023\/07\/21\/putin-amenazo-a-polonia-responderemos-con-todos-los-medios-a-nuestra-disposicion\/","title":{"rendered":"Putin amenaz\u00f3 a Polonia: \u00abResponderemos con todos los medios a nuestra disposici\u00f3n\u00bb"},"content":{"rendered":"\n<p>El presidente ruso, Vlad\u00edmir Putin, advirti\u00f3 hoy a Polonia que un ataque a la vecina Bielorrusia significar\u00e1 una \u00abagresi\u00f3n\u00bb contra Rusia, despu\u00e9s de que Varsovia anunciara el despliegue unidades militares cerca de la frontera bielorrusa.<\/p>\n\n\n\n<p>Durante una reuni\u00f3n del Consejo de Seguridad de Rusia, Putin calific\u00f3 de \u00abjuego muy peligroso\u00bb los supuestos planes de Polonia y Lituania de crear una agrupaci\u00f3n de fuerzas regulares cuyo objetivo ser\u00eda \u00abocupar\u00bb el oeste de Ucrania. \u00abResponderemos con todos los medios a nuestra disposici\u00f3n\u00bb, expres\u00f3.<\/p>\n\n\n\n<p>\u00abPolonia se apoder\u00f3 de parte de Lituania, arrebat\u00f3 a Rusia sus tierras hist\u00f3ricas, aprovechando la guerra civil, particip\u00f3 en la divisi\u00f3n de Checoslovaquia\u00bb, afirm\u00f3 Putin.<\/p>\n\n\n\n<p>Polonia decidi\u00f3 reforzar la seguridad de su flanco oriental con dos unidades militares despu\u00e9s de que los mercenarios del Grupo Wagner comenzaran a vigilar esta semana la frontera entre Bielorrusia y Polonia.<\/p>\n\n\n\n<p>Putin tambi\u00e9n denunci\u00f3 los supuestos planes de Polonia y Lituania de crear una agrupaci\u00f3n de fuerzas regulares cuyo objetivo ser\u00eda \u00abocupar\u00bb el oeste de Ucrania.<\/p>\n\n\n\n<p>\u00ab<strong>Las perspectiva es clara. Si las unidades polacas entran, por ejemplo en Le\u00f3polis o en otros territorios de Ucrania, se quedar\u00e1n. Por cierto, para siempre<\/strong>\u00ab, resalt\u00f3.<\/p>\n\n\n\n<p>El jefe del Kremlin acus\u00f3 a los l\u00edderes polacos de querer formar \u00abuna especie de coalici\u00f3n e interferir directamente en el conflicto en Ucrania\u00bb con el fin de recuperar lo que ellos consideran \u00abterritorios hist\u00f3ricos\u00bb del oeste de Ucrania.<\/p>\n\n\n\n<p>\u00ab<strong>Es bien conocido que tambi\u00e9n anhelan territorios bielorrusos<\/strong>\u00ab, alert\u00f3.<\/p>\n\n\n\n<p>Acus\u00f3 a los l\u00edderes de algunos pa\u00edses de Europa del Este de convertir la \u00abrusofobia\u00bb en un instrumento de su pol\u00edtica interna, lo que \u00abatiza con fuerza la llama de la guerra\u00bb.<\/p>\n\n\n\n<p>Por ello, consider\u00f3 \u00ab<strong>un juego muy peligroso<\/strong>\u00bb utilizar como \u00ab<strong>carne de ca\u00f1\u00f3n<\/strong>\u00bb a polacos, lituanos y \u00ab<strong>a todos los que haga falta<\/strong>\u00ab, ahora que a Occidente no le llega con los ucranianos.<\/p>\n\n\n\n<p>\u00ab<strong>Los autores de dichos planes deber\u00edan pensar en las consecuencias<\/strong>\u00ab, se\u00f1al\u00f3.<\/p>\n\n\n\n<p>Putin encarg\u00f3 seguir muy de cerca la evoluci\u00f3n de los acontecimientos en esa zona a Sergu\u00e9i Narishkin, jefe del Servicio de Espionaje Exterior (SVR), que tambi\u00e9n particip\u00f3 en la reuni\u00f3n.<\/p>\n\n\n\n<p>Seg\u00fan Narishkin, el motivo de esos planes de Polonia es que en Varsovia est\u00e1n llegando a la conclusi\u00f3n de que \u00ab<strong>la derrota de Ucrania es solo cuesti\u00f3n de tiempo<\/strong>\u00ab.<\/p>\n\n\n\n<p>Al respecto, Putin insisti\u00f3 en que los patrocinadores occidentales de Kiev est\u00e1n \u00ab<strong>claramente decepcionados<\/strong>\u00bb con la contraofensiva ucraniana, que comenz\u00f3 el 4 de junio, en la que habr\u00edan muerto \u00abdecenas de miles\u00bb de soldados enemigos.<\/p>\n\n\n\n<p>Tambi\u00e9n destac\u00f3 que los arsenales de la OTAN est\u00e1n, \u00ab<strong>en gran medida, agotados<\/strong>\u00ab, mientras los ritmos de producci\u00f3n de armamento en Occidente no le permiten reponer con rapidez el armamento y la munici\u00f3n en el frente.<\/p>\n\n\n\n<p>El ministro polaco de Servicios Especiales, Stanislaw Zaryn, alert\u00f3 este viernes de \u00abintentos de infiltraci\u00f3n a gran escala\u00bb de \u00ab<strong>agentes al servicio de Rusia<\/strong>\u00bb y record\u00f3 que en los \u00faltimos 14 meses se ha detenido a 22 personas acusadas de espionaje.<\/p>\n","protected":false},"excerpt":{"rendered":"<p>El presidente ruso, Vlad\u00edmir Putin, advirti\u00f3 hoy a Polonia que un ataque a la vecina Bielorrusia significar\u00e1 una \u00abagresi\u00f3n\u00bb contra Rusia, despu\u00e9s de que Varsovia anunciara el despliegue unidades militares cerca de la frontera bielorrusa. Durante una reuni\u00f3n del Consejo de Seguridad de Rusia, Putin calific\u00f3 de \u00abjuego muy peligroso\u00bb los supuestos planes de Polonia &hellip;<\/p>\n","protected":false},"author":2,"featured_media":79343,"comment_status":"open","ping_status":"open","sticky":false,"template":"","format":"standard","meta":{"_jetpack_memberships_contains_paid_content":false,"footnotes":"","jetpack_publicize_message":"","jetpack_publicize_feature_enabled":true,"jetpack_social_post_already_shared":true,"jetpack_social_options":{"image_generator_settings":{"template":"highway","default_image_id":0,"font":"","enabled":false},"version":2}},"categories":[17,12],"tags":[],"class_list":["post-79342","post","type-post","status-publish","format-standard","has-post-thumbnail","hentry","category-mundo","category-ultimo"],"jetpack_publicize_connections":[],"jetpack_featured_media_url":"https:\/\/portalmovil.com.ar\/wp-content\/uploads\/2023\/07\/99890237_gettyimages-824421660.jpg","jetpack_sharing_enabled":true,"amp_enabled":true,"_links":{"self":[{"href":"https:\/\/portalmovil.com.ar\/index.php\/wp-json\/wp\/v2\/posts\/79342","targetHints":{"allow":["GET"]}}],"collection":[{"href":"https:\/\/portalmovil.com.ar\/index.php\/wp-json\/wp\/v2\/posts"}],"about":[{"href":"https:\/\/portalmovil.com.ar\/index.php\/wp-json\/wp\/v2\/types\/post"}],"author":[{"embeddable":true,"href":"https:\/\/portalmovil.com.ar\/index.php\/wp-json\/wp\/v2\/users\/2"}],"replies":[{"embeddable":true,"href":"https:\/\/portalmovil.com.ar\/index.php\/wp-json\/wp\/v2\/comments?post=79342"}],"version-history":[{"count":1,"href":"https:\/\/portalmovil.com.ar\/index.php\/wp-json\/wp\/v2\/posts\/79342\/revisions"}],"predecessor-version":[{"id":79344,"href":"https:\/\/portalmovil.com.ar\/index.php\/wp-json\/wp\/v2\/posts\/79342\/revisions\/79344"}],"wp:featuredmedia":[{"embeddable":true,"href":"https:\/\/portalmovil.com.ar\/index.php\/wp-json\/wp\/v2\/media\/79343"}],"wp:attachment":[{"href":"https:\/\/portalmovil.com.ar\/index.php\/wp-json\/wp\/v2\/media?parent=79342"}],"wp:term":[{"taxonomy":"category","embeddable":true,"href":"https:\/\/portalmovil.com.ar\/index.php\/wp-json\/wp\/v2\/categories?post=79342"},{"taxonomy":"post_tag","embeddable":true,"href":"https:\/\/portalmovil.com.ar\/index.php\/wp-json\/wp\/v2\/tags?post=79342"}],"curies":[{"name":"wp","href":"https:\/\/api.w.org\/{rel}","templated":true}]}}