{"id":7922,"date":"2020-06-19T10:09:45","date_gmt":"2020-06-19T13:09:45","guid":{"rendered":"http:\/\/portalmovil.com.ar\/?p=7922"},"modified":"2020-06-19T10:09:48","modified_gmt":"2020-06-19T13:09:48","slug":"santiago-cafiero-argentina-estaba-en-pandemia-cuando-asumimos","status":"publish","type":"post","link":"https:\/\/portalmovil.com.ar\/index.php\/2020\/06\/19\/santiago-cafiero-argentina-estaba-en-pandemia-cuando-asumimos\/","title":{"rendered":"Santiago Cafiero: \u00abArgentina estaba en pandemia cuando asumimos\u00bb"},"content":{"rendered":"\n<p>El jefe de Gabinete de Ministros,\u00a0Santiago Cafiero, afirm\u00f3 que \u201cArgentina ya estaba en pandemia\u201d cuando el gobierno de Alberto Fern\u00e1ndez asumi\u00f3 en diciembre de 2019, en alusi\u00f3n a la situaci\u00f3n econ\u00f3mica y social heredada de la administraci\u00f3n de Mauricio Macri.<\/p>\n\n\n\n<p>Durante su primer informe ante el Senado, Santiago Cafiero tom\u00f3 40 minutos para referirse a algunas de las pol\u00edticas aplicadas por el Poder Ejecutivo en sus seis meses de gesti\u00f3n y propuso un \u201cdi\u00e1logo democr\u00e1tico\u201d a los miembros de la oposici\u00f3n, que presenciaron el discurso mediante videoconferencia.<\/p>\n\n\n\n<p>\u201cNuestro pa\u00eds ya estaba en pandemia cuando asumimos en diciembre del a\u00f1o pasado\u201d, asegur\u00f3 Santiago Cafiero y enumer\u00f3 que \u201cPymes y comerciantes estaban desahuciados por una pol\u00edtica de especulaci\u00f3n financiera y unas tarifas que los dej\u00f3 a todos al borde de la quiebra\u201d.<\/p>\n\n\n\n<p>Durante su exposici\u00f3n, Santiago Cafiero agreg\u00f3 que \u201cesa trama fue cambiando las prioridades y exigiendo a la pol\u00edtica que d\u00e9 cuenta de lo que pasaba\u201d, al tiempo que destac\u00f3 \u201cla decisi\u00f3n estrat\u00e9gica de nuestra vicepresidenta (Cristina Kirchner) y la ejecuci\u00f3n t\u00e1ctica de nuestro presidente para consolidar una unidad pol\u00edtica que derrotara a un gobierno de hambre y miseria\u201d.<\/p>\n\n\n\n<p>Aunque record\u00f3 que una de las premisas del gobierno de Fern\u00e1ndez fue \u201cno hablar de pesadas herencias y no buscar excusas\u201d, el jefe de Gabinete aprovech\u00f3 su introducci\u00f3n ante el Senado para enumerar algunos de los \u00edndices dejados por el gobierno de Mauricio Macri, entre las que mencion\u00f3 los altos niveles de inflaci\u00f3n y deuda p\u00fablica, el aumento de la desocupaci\u00f3n y de la pobreza.<\/p>\n\n\n\n<p>\u201cCuando asumimos hab\u00eda un proyecto de presupuesto presentado por el gobierno anterior. Era ficticio. No contaba con herramientas reales. Ten\u00eda todas las metas sobrevaloradas. Era inaceptable. Estaba deshilachado por el proceso de hiperendeudamiento, endeudamiento y ten\u00eda todos los vencimientos dispuestos en fechas muy cortas\u201d, indic\u00f3.<\/p>\n\n\n\n<p>En ese sentido, Santiago Cafiero agreg\u00f3 que \u201cla arquitectura del gobierno anterior direccionaba la pol\u00edtica p\u00fablica hacia la especulaci\u00f3n y la financializaci\u00f3n de la econom\u00eda\u201d y sentenci\u00f3 que el peronismo \u201cdeb\u00eda torcer esa voluntad pol\u00edtica de un gobierno que s\u00f3lo hab\u00eda producido m\u00e1s miseria y pobreza\u201d.<\/p>\n","protected":false},"excerpt":{"rendered":"<p>El jefe de Gabinete de Ministros,\u00a0Santiago Cafiero, afirm\u00f3 que \u201cArgentina ya estaba en pandemia\u201d cuando el gobierno de Alberto Fern\u00e1ndez asumi\u00f3 en diciembre de 2019, en alusi\u00f3n a la situaci\u00f3n econ\u00f3mica y social heredada de la administraci\u00f3n de Mauricio Macri. Durante su primer informe ante el Senado, Santiago Cafiero tom\u00f3 40 minutos para referirse a &hellip;<\/p>\n","protected":false},"author":2,"featured_media":7923,"comment_status":"open","ping_status":"open","sticky":false,"template":"","format":"standard","meta":{"_jetpack_memberships_contains_paid_content":false,"footnotes":"","jetpack_publicize_message":"","jetpack_publicize_feature_enabled":true,"jetpack_social_post_already_shared":true,"jetpack_social_options":{"image_generator_settings":{"template":"highway","default_image_id":0,"font":"","enabled":false},"version":2}},"categories":[14,12],"tags":[],"class_list":["post-7922","post","type-post","status-publish","format-standard","has-post-thumbnail","hentry","category-politica","category-ultimo"],"jetpack_publicize_connections":[],"jetpack_featured_media_url":"https:\/\/portalmovil.com.ar\/wp-content\/uploads\/2020\/06\/58fce9ac-8e61-47e3-855d-8d45fe8aba68.jpg","jetpack_sharing_enabled":true,"amp_enabled":true,"_links":{"self":[{"href":"https:\/\/portalmovil.com.ar\/index.php\/wp-json\/wp\/v2\/posts\/7922","targetHints":{"allow":["GET"]}}],"collection":[{"href":"https:\/\/portalmovil.com.ar\/index.php\/wp-json\/wp\/v2\/posts"}],"about":[{"href":"https:\/\/portalmovil.com.ar\/index.php\/wp-json\/wp\/v2\/types\/post"}],"author":[{"embeddable":true,"href":"https:\/\/portalmovil.com.ar\/index.php\/wp-json\/wp\/v2\/users\/2"}],"replies":[{"embeddable":true,"href":"https:\/\/portalmovil.com.ar\/index.php\/wp-json\/wp\/v2\/comments?post=7922"}],"version-history":[{"count":1,"href":"https:\/\/portalmovil.com.ar\/index.php\/wp-json\/wp\/v2\/posts\/7922\/revisions"}],"predecessor-version":[{"id":7924,"href":"https:\/\/portalmovil.com.ar\/index.php\/wp-json\/wp\/v2\/posts\/7922\/revisions\/7924"}],"wp:featuredmedia":[{"embeddable":true,"href":"https:\/\/portalmovil.com.ar\/index.php\/wp-json\/wp\/v2\/media\/7923"}],"wp:attachment":[{"href":"https:\/\/portalmovil.com.ar\/index.php\/wp-json\/wp\/v2\/media?parent=7922"}],"wp:term":[{"taxonomy":"category","embeddable":true,"href":"https:\/\/portalmovil.com.ar\/index.php\/wp-json\/wp\/v2\/categories?post=7922"},{"taxonomy":"post_tag","embeddable":true,"href":"https:\/\/portalmovil.com.ar\/index.php\/wp-json\/wp\/v2\/tags?post=7922"}],"curies":[{"name":"wp","href":"https:\/\/api.w.org\/{rel}","templated":true}]}}