{"id":78948,"date":"2023-07-14T08:35:26","date_gmt":"2023-07-14T11:35:26","guid":{"rendered":"https:\/\/portalmovil.com.ar\/?p=78948"},"modified":"2023-07-14T10:12:02","modified_gmt":"2023-07-14T13:12:02","slug":"mataron-a-un-joven-de-21-anos","status":"publish","type":"post","link":"https:\/\/portalmovil.com.ar\/index.php\/2023\/07\/14\/mataron-a-un-joven-de-21-anos\/","title":{"rendered":"Mataron a un joven de 21 a\u00f1os en Villa \u00c1ngela"},"content":{"rendered":"\n<p><strong>A las 16:15 de este jueves, un joven identificado como Nelson Colliard, ingres\u00f3 al Hospital \u00abSalvador Mazza\u00bb de Villa \u00c1ngela con una herida de arma blanca. La m\u00e9dica que lo asisti\u00f3 &nbsp;adelant\u00f3 que presentaba una \u00abherida punzocortante en regi\u00f3n abdominal y que no pose\u00eda signos vitales\u00bb.<\/strong>&nbsp;<\/p>\n\n\n\n<p>Personal de Investigaciones que comenzaron con las pesquisas, lograron establecer que&nbsp;<strong>el autor ser\u00eda otro joven de 22 a\u00f1os que, al momento del hecho, se movilizaba en una moto cross, negra.<\/strong><\/p>\n\n\n\n<p>Asimismo, se supo que&nbsp;<strong>la agresi\u00f3n se produjo en L\u00f3pez y Planes al 321, en el domicilio de la v\u00edctima.<\/strong><\/p>\n\n\n\n<p>All\u00ed, se secuestr\u00f3 un cuchillo de 15 cent\u00edmetros de hoja y cabo de madera, dos gorras y un par de ojotas, por ser de inter\u00e9s para la causa.<\/p>\n\n\n\n<p>Una hora despu\u00e9s, mediante informaci\u00f3n recabada,&nbsp;<strong>en Neuqu\u00e9n y Bol\u00edvar, dieron con el presunto autor de 22 a\u00f1os, quien fue entregado por su padre de 46 a\u00f1os.<\/strong><\/p>\n\n\n\n<p><strong>El aprehendido fue llevado a la Comisar\u00eda de San Bernardo<\/strong>, luego de que lo notificaran de las actuaciones judiciales por \u00absupuesto homicidio\u00bb.<\/p>\n","protected":false},"excerpt":{"rendered":"<p>El principal sospechoso es otro joven de 22<\/p>\n","protected":false},"author":6,"featured_media":78949,"comment_status":"open","ping_status":"open","sticky":false,"template":"","format":"standard","meta":{"_jetpack_memberships_contains_paid_content":false,"footnotes":"","jetpack_publicize_message":"","jetpack_publicize_feature_enabled":true,"jetpack_social_post_already_shared":true,"jetpack_social_options":{"image_generator_settings":{"template":"highway","default_image_id":0,"font":"","enabled":false},"version":2}},"categories":[5,8],"tags":[],"class_list":["post-78948","post","type-post","status-publish","format-standard","has-post-thumbnail","hentry","category-chaco","category-policiales"],"jetpack_publicize_connections":[],"jetpack_featured_media_url":"https:\/\/portalmovil.com.ar\/wp-content\/uploads\/2023\/07\/580005w850h522c.jpg.webp","jetpack_sharing_enabled":true,"amp_enabled":true,"_links":{"self":[{"href":"https:\/\/portalmovil.com.ar\/index.php\/wp-json\/wp\/v2\/posts\/78948","targetHints":{"allow":["GET"]}}],"collection":[{"href":"https:\/\/portalmovil.com.ar\/index.php\/wp-json\/wp\/v2\/posts"}],"about":[{"href":"https:\/\/portalmovil.com.ar\/index.php\/wp-json\/wp\/v2\/types\/post"}],"author":[{"embeddable":true,"href":"https:\/\/portalmovil.com.ar\/index.php\/wp-json\/wp\/v2\/users\/6"}],"replies":[{"embeddable":true,"href":"https:\/\/portalmovil.com.ar\/index.php\/wp-json\/wp\/v2\/comments?post=78948"}],"version-history":[{"count":3,"href":"https:\/\/portalmovil.com.ar\/index.php\/wp-json\/wp\/v2\/posts\/78948\/revisions"}],"predecessor-version":[{"id":78967,"href":"https:\/\/portalmovil.com.ar\/index.php\/wp-json\/wp\/v2\/posts\/78948\/revisions\/78967"}],"wp:featuredmedia":[{"embeddable":true,"href":"https:\/\/portalmovil.com.ar\/index.php\/wp-json\/wp\/v2\/media\/78949"}],"wp:attachment":[{"href":"https:\/\/portalmovil.com.ar\/index.php\/wp-json\/wp\/v2\/media?parent=78948"}],"wp:term":[{"taxonomy":"category","embeddable":true,"href":"https:\/\/portalmovil.com.ar\/index.php\/wp-json\/wp\/v2\/categories?post=78948"},{"taxonomy":"post_tag","embeddable":true,"href":"https:\/\/portalmovil.com.ar\/index.php\/wp-json\/wp\/v2\/tags?post=78948"}],"curies":[{"name":"wp","href":"https:\/\/api.w.org\/{rel}","templated":true}]}}