{"id":78834,"date":"2023-07-12T10:56:33","date_gmt":"2023-07-12T13:56:33","guid":{"rendered":"https:\/\/portalmovil.com.ar\/?p=78834"},"modified":"2023-07-12T10:56:35","modified_gmt":"2023-07-12T13:56:35","slug":"el-kirchnerista-ocampo-somos-muchas-las-personas-interesadas-en-la-marihuana","status":"publish","type":"post","link":"https:\/\/portalmovil.com.ar\/index.php\/2023\/07\/12\/el-kirchnerista-ocampo-somos-muchas-las-personas-interesadas-en-la-marihuana\/","title":{"rendered":"El Kirchnerista Ocampo: \u201cSomos muchas las personas interesadas en la marihuana\u201d"},"content":{"rendered":"\n<p>El diputado provincial Rodrigo Ocampo, habl\u00f3 sobre la reuni\u00f3n que mantuvo el gobernador Jorge Capitanich con el sector emprendedor cann\u00e1bico del Chaco. El cual impulsa la producci\u00f3n de la marihuana en toda la provincia.  <\/p>\n\n\n\n<p>El legislador dijo que \u201cfue un encuentro muy interesante, no s\u00f3lo por la din\u00e1mica sino porque permiti\u00f3 que el gobernador pueda escuchar\u201d. Ocampo manifest\u00f3 que en la provincia hay muchos sectores interesados en que la industria del cannabis comience a dar sus primeros pasos y a\u00f1adi\u00f3 que \u201ces fundamental escuchar a aquellas personas que tienen el Registro del Programa Cannabis (REPROCANN) y por lo tanto tienen la autorizaci\u00f3n para empezar a producir y consumir\u201d.<\/p>\n\n\n\n<p>Ocampo coment\u00f3 que hay emprendimientos que est\u00e1n planteando \u201cque el Estado provincial comience a darle otra cobertura a las organizaciones no gubernamentales que est\u00e1n interesadas en acompa\u00f1ar a familias y personas que tienen una patolog\u00eda y que necesitan estos productos para aliviar su dolor\u201d.<\/p>\n\n\n\n<p>En este sentido, el legislador expres\u00f3 que es imperioso que \u201cpuedan mejorar las condiciones de producci\u00f3n en la provincia\u201d. Asimismo, destac\u00f3 que el Chaco tiene \u201cen marcha\u201d dos leyes relacionadas a la producci\u00f3n de cannabis: una vinculada a la investigaci\u00f3n, que permite poner en valor las instituciones dedicadas al estudio de este cultivo, y por otro lado, una ley que posibilita al Estado provincial a construir una estrategia de c\u00f3mo desarrollar la industria del cannabis en el Chaco.<\/p>\n\n\n\n<p>\u201cEstamos pensando en un modelo de negocio para que en el mediano plazo Chaco pueda abastecer a la poblaci\u00f3n que necesita productos de buena calidad y certificados, y por qu\u00e9 no al Norte Grande\u201d, dijo Ocampo y a\u00f1adi\u00f3 que se piensa \u201cen la posibilidad de que el Chaco sea una provincia de referencia en este tipo de cultivos\u201d.<\/p>\n","protected":false},"excerpt":{"rendered":"<p>El diputado provincial Rodrigo Ocampo, habl\u00f3 sobre la reuni\u00f3n que mantuvo el gobernador Jorge Capitanich con el sector emprendedor cann\u00e1bico del Chaco. El cual impulsa la producci\u00f3n de la marihuana en toda la provincia. El legislador dijo que \u201cfue un encuentro muy interesante, no s\u00f3lo por la din\u00e1mica sino porque permiti\u00f3 que el gobernador pueda &hellip;<\/p>\n","protected":false},"author":2,"featured_media":78835,"comment_status":"open","ping_status":"open","sticky":false,"template":"","format":"standard","meta":{"_jetpack_memberships_contains_paid_content":false,"footnotes":"","jetpack_publicize_message":"","jetpack_publicize_feature_enabled":true,"jetpack_social_post_already_shared":true,"jetpack_social_options":{"image_generator_settings":{"template":"highway","default_image_id":0,"font":"","enabled":false},"version":2}},"categories":[5,14],"tags":[],"class_list":["post-78834","post","type-post","status-publish","format-standard","has-post-thumbnail","hentry","category-chaco","category-politica"],"jetpack_publicize_connections":[],"jetpack_featured_media_url":"https:\/\/portalmovil.com.ar\/wp-content\/uploads\/2023\/07\/63c6ba0b8e564045519472.jpg","jetpack_sharing_enabled":true,"amp_enabled":true,"_links":{"self":[{"href":"https:\/\/portalmovil.com.ar\/index.php\/wp-json\/wp\/v2\/posts\/78834","targetHints":{"allow":["GET"]}}],"collection":[{"href":"https:\/\/portalmovil.com.ar\/index.php\/wp-json\/wp\/v2\/posts"}],"about":[{"href":"https:\/\/portalmovil.com.ar\/index.php\/wp-json\/wp\/v2\/types\/post"}],"author":[{"embeddable":true,"href":"https:\/\/portalmovil.com.ar\/index.php\/wp-json\/wp\/v2\/users\/2"}],"replies":[{"embeddable":true,"href":"https:\/\/portalmovil.com.ar\/index.php\/wp-json\/wp\/v2\/comments?post=78834"}],"version-history":[{"count":1,"href":"https:\/\/portalmovil.com.ar\/index.php\/wp-json\/wp\/v2\/posts\/78834\/revisions"}],"predecessor-version":[{"id":78836,"href":"https:\/\/portalmovil.com.ar\/index.php\/wp-json\/wp\/v2\/posts\/78834\/revisions\/78836"}],"wp:featuredmedia":[{"embeddable":true,"href":"https:\/\/portalmovil.com.ar\/index.php\/wp-json\/wp\/v2\/media\/78835"}],"wp:attachment":[{"href":"https:\/\/portalmovil.com.ar\/index.php\/wp-json\/wp\/v2\/media?parent=78834"}],"wp:term":[{"taxonomy":"category","embeddable":true,"href":"https:\/\/portalmovil.com.ar\/index.php\/wp-json\/wp\/v2\/categories?post=78834"},{"taxonomy":"post_tag","embeddable":true,"href":"https:\/\/portalmovil.com.ar\/index.php\/wp-json\/wp\/v2\/tags?post=78834"}],"curies":[{"name":"wp","href":"https:\/\/api.w.org\/{rel}","templated":true}]}}