{"id":78752,"date":"2023-07-11T10:01:34","date_gmt":"2023-07-11T13:01:34","guid":{"rendered":"https:\/\/portalmovil.com.ar\/?p=78752"},"modified":"2023-07-11T10:05:39","modified_gmt":"2023-07-11T13:05:39","slug":"hoy-se-leera-el-veredicto-de-la-jueza-buyatti","status":"publish","type":"post","link":"https:\/\/portalmovil.com.ar\/index.php\/2023\/07\/11\/hoy-se-leera-el-veredicto-de-la-jueza-buyatti\/","title":{"rendered":"Hoy se leer\u00e1 el veredicto de la jueza Buyatti"},"content":{"rendered":"\n<p>Se sabr\u00e1 si ser\u00e1 destituida o no por amenazar con pegarle un tiro al alba\u00f1il Marcelo Acosta.<br>La jueza de Ni\u00f1ez, Adolescencia y Familia N\u00b01 de Villa \u00c1ngela, Laura Buyatti, fue acusada de abuso de poder, a ra\u00edz del esc\u00e1ndalo que se desat\u00f3 el 22 de diciembre de 2022, luego de una comunicaci\u00f3n telef\u00f3nica que grab\u00f3 el denunciante cuando contact\u00f3 a la jueza para reclamarle el pago de una deuda y esta lo amenaz\u00f3.<br>En los comprometedores audios que se filtraron Buyatti alega \u00abconocer el sistema\u00bb y \u00abmanejar el poder\u00bb frente a su ex alba\u00f1il, al cual trata de \u00abtapecito\u00bb, \u00abnegro\u00bb y \u00abplanero\u00bb y al que amenaza con ejecutar \u00abun disparo en la frente\u00bb.<\/p>\n","protected":false},"excerpt":{"rendered":"<p>Se sabr\u00e1 si ser\u00e1 destituida o no por amenazar a su ex alba\u00f1il Marcelo Acosta.<\/p>\n","protected":false},"author":6,"featured_media":78755,"comment_status":"open","ping_status":"open","sticky":false,"template":"","format":"standard","meta":{"_jetpack_memberships_contains_paid_content":false,"footnotes":"","jetpack_publicize_message":"","jetpack_publicize_feature_enabled":true,"jetpack_social_post_already_shared":true,"jetpack_social_options":{"image_generator_settings":{"template":"highway","default_image_id":0,"font":"","enabled":false},"version":2}},"categories":[5,50],"tags":[],"class_list":["post-78752","post","type-post","status-publish","format-standard","has-post-thumbnail","hentry","category-chaco","category-judiciales"],"jetpack_publicize_connections":[],"jetpack_featured_media_url":"https:\/\/portalmovil.com.ar\/wp-content\/uploads\/2023\/07\/jueza.webp","jetpack_sharing_enabled":true,"amp_enabled":true,"_links":{"self":[{"href":"https:\/\/portalmovil.com.ar\/index.php\/wp-json\/wp\/v2\/posts\/78752","targetHints":{"allow":["GET"]}}],"collection":[{"href":"https:\/\/portalmovil.com.ar\/index.php\/wp-json\/wp\/v2\/posts"}],"about":[{"href":"https:\/\/portalmovil.com.ar\/index.php\/wp-json\/wp\/v2\/types\/post"}],"author":[{"embeddable":true,"href":"https:\/\/portalmovil.com.ar\/index.php\/wp-json\/wp\/v2\/users\/6"}],"replies":[{"embeddable":true,"href":"https:\/\/portalmovil.com.ar\/index.php\/wp-json\/wp\/v2\/comments?post=78752"}],"version-history":[{"count":1,"href":"https:\/\/portalmovil.com.ar\/index.php\/wp-json\/wp\/v2\/posts\/78752\/revisions"}],"predecessor-version":[{"id":78754,"href":"https:\/\/portalmovil.com.ar\/index.php\/wp-json\/wp\/v2\/posts\/78752\/revisions\/78754"}],"wp:featuredmedia":[{"embeddable":true,"href":"https:\/\/portalmovil.com.ar\/index.php\/wp-json\/wp\/v2\/media\/78755"}],"wp:attachment":[{"href":"https:\/\/portalmovil.com.ar\/index.php\/wp-json\/wp\/v2\/media?parent=78752"}],"wp:term":[{"taxonomy":"category","embeddable":true,"href":"https:\/\/portalmovil.com.ar\/index.php\/wp-json\/wp\/v2\/categories?post=78752"},{"taxonomy":"post_tag","embeddable":true,"href":"https:\/\/portalmovil.com.ar\/index.php\/wp-json\/wp\/v2\/tags?post=78752"}],"curies":[{"name":"wp","href":"https:\/\/api.w.org\/{rel}","templated":true}]}}