{"id":78729,"date":"2023-07-10T20:01:02","date_gmt":"2023-07-10T23:01:02","guid":{"rendered":"https:\/\/portalmovil.com.ar\/?p=78729"},"modified":"2023-07-10T20:01:04","modified_gmt":"2023-07-10T23:01:04","slug":"una-madre-denuncio-que-su-hijo-recibio-mordeduras-en-el-jardin-mundo-de-fantasias","status":"publish","type":"post","link":"https:\/\/portalmovil.com.ar\/index.php\/2023\/07\/10\/una-madre-denuncio-que-su-hijo-recibio-mordeduras-en-el-jardin-mundo-de-fantasias\/","title":{"rendered":"Una madre denunci\u00f3 que su hijo recibi\u00f3 mordeduras en el jard\u00edn Mundo de Fantas\u00edas"},"content":{"rendered":"\n<p><strong>El caso del ni\u00f1o de dos a\u00f1os con lesiones y mordeduras en su rostro, brazos y espalda deriv\u00f3 en las \u00faltimas horas en denuncias cruzadas ante la Justicia,<\/strong>&nbsp;que ahora deber\u00e1 intervenir para esclarecer el episodio.<\/p>\n\n\n\n<figure class=\"wp-block-image size-large\"><img loading=\"lazy\" decoding=\"async\" width=\"646\" height=\"1024\" src=\"https:\/\/portalmovil.com.ar\/wp-content\/uploads\/2023\/07\/358389868_675748494579533_2507298932365413715_n-646x1024.jpg\" alt=\"\" class=\"wp-image-78730\" srcset=\"https:\/\/portalmovil.com.ar\/wp-content\/uploads\/2023\/07\/358389868_675748494579533_2507298932365413715_n-646x1024.jpg 646w, https:\/\/portalmovil.com.ar\/wp-content\/uploads\/2023\/07\/358389868_675748494579533_2507298932365413715_n-189x300.jpg 189w, https:\/\/portalmovil.com.ar\/wp-content\/uploads\/2023\/07\/358389868_675748494579533_2507298932365413715_n.jpg 720w\" sizes=\"auto, (max-width: 646px) 100vw, 646px\" \/><\/figure>\n\n\n\n<p>Mientras la madre del nene, Selene Oshe. present\u00f3 una denunca contra el jard\u00edn de infantes Mundo de Fantas\u00edas, por las agresiones contra su hijo, presuntamente realizadas por otro menor, la directora del establecimiento tambi\u00e9n hizo una presentaci\u00f3n judicial, y neg\u00f3 que las lesiones hayan ocurrido en ese \u00e1mbito.<\/p>\n\n\n\n<p>La familia del nene, junto a allegados y otros padres, se moviliz\u00f3 a la Fiscal\u00eda de Investigaci\u00f3n Penal para luego marchar hasta el jard\u00edn Mundo de Fantas\u00edas, en Los Hacheros y Arturo Illia.<\/p>\n\n\n\n<p><strong>Tras radicar la denuncia, Oshe expres\u00f3:\u00a0\u00abNo s\u00e9 si fue un ni\u00f1o, fueron dos o fueron seis los que lastimaron a mi hijo\u00bb<\/strong>, y agreg\u00f3 que la docente que estuvo a cargo ese d\u00eda le inform\u00f3 que su hijo \u00abpeleo con otros chicos en un momento en que ella sali\u00f3 de la salita\u00bb.<\/p>\n\n\n\n<p>La mujer, quien\u00a0d\u00edas atr\u00e1s fue recibida por autoridades del Ministerio de Educaci\u00f3n, se\u00f1al\u00f3 que\u00a0 mantuvo una reuni\u00f3n con la directora del establecimiento y la docente a cargo de la salita de su hijo, quienes reconocieron que existi\u00f3 la agresi\u00f3n y adem\u00e1s que hubo un descuido.<strong>\u00a0\u00abVine, habl\u00e9 con la directora, y la se\u00f1o se larg\u00f3 a llorar y me acept\u00f3. Es mi error. Perd\u00f3name mam\u00e1, es mi error, yo los dej\u00e9 solos a los siete ni\u00f1os\u00bb, sostuvo.<\/strong><\/p>\n\n\n\n<h2 class=\"wp-block-heading\">LA DIRECTORA NIEGA QUE EL HECHO HAYA OCURRIDO EN EL JARD\u00cdN<\/h2>\n\n\n\n<p>Por su parte,<strong>&nbsp;la directora del jard\u00edn Mundo de Fantas\u00edas, Rosana Karin, sostuvo este lunes que las lesiones que presenta el peque\u00f1o \u00abson de larga data\u00bb, y afirm\u00f3: \u00abEsas lesiones por las que se hace la denuncia no se realizaron en el jard\u00edn. No fueron por otro ni\u00f1o del jard\u00edn\u00bb.&nbsp;<\/strong><\/p>\n\n\n\n<p>\u00abLo que tenemos para decir es que las lesiones por las cu\u00e1les se hace la denuncia no se realizaron en el jard\u00edn, y estamos dispuestos a llegar hasta las \u00faltimas consecuencias, junto con el Ministerio de Educaci\u00f3n, para llegar a la verdad, porque realmente a lo que nosotros nos preocupa es ese ni\u00f1o\u00bb, sostuvo la directora.<\/p>\n\n\n\n<p>As\u00ed, insisti\u00f3 en que \u00abesas agresiones no fueron realizadas en el jard\u00edn ni por un compa\u00f1erito de la salita del jard\u00edn de dos a\u00f1os\u00bb.<\/p>\n\n\n\n<p>Por \u00faltimo, Karin adelant\u00f3 que hicieron una denuncia \u00abporque nos vemos implicados en una situaci\u00f3n de la que no somos responsables\u00bb.<\/p>\n","protected":false},"excerpt":{"rendered":"<p>El caso del ni\u00f1o de dos a\u00f1os con lesiones y mordeduras en su rostro, brazos y espalda deriv\u00f3 en las \u00faltimas horas en denuncias cruzadas ante la Justicia,&nbsp;que ahora deber\u00e1 intervenir para esclarecer el episodio. Mientras la madre del nene, Selene Oshe. present\u00f3 una denunca contra el jard\u00edn de infantes Mundo de Fantas\u00edas, por las &hellip;<\/p>\n","protected":false},"author":2,"featured_media":78731,"comment_status":"open","ping_status":"open","sticky":false,"template":"","format":"standard","meta":{"_jetpack_memberships_contains_paid_content":false,"footnotes":"","jetpack_publicize_message":"","jetpack_publicize_feature_enabled":true,"jetpack_social_post_already_shared":true,"jetpack_social_options":{"image_generator_settings":{"template":"highway","default_image_id":0,"font":"","enabled":false},"version":2}},"categories":[8,37],"tags":[],"class_list":["post-78729","post","type-post","status-publish","format-standard","has-post-thumbnail","hentry","category-policiales","category-resistencia"],"jetpack_publicize_connections":[],"jetpack_featured_media_url":"https:\/\/portalmovil.com.ar\/wp-content\/uploads\/2023\/07\/358563865_675748424579540_221011787506299538_n.jpg","jetpack_sharing_enabled":true,"amp_enabled":true,"_links":{"self":[{"href":"https:\/\/portalmovil.com.ar\/index.php\/wp-json\/wp\/v2\/posts\/78729","targetHints":{"allow":["GET"]}}],"collection":[{"href":"https:\/\/portalmovil.com.ar\/index.php\/wp-json\/wp\/v2\/posts"}],"about":[{"href":"https:\/\/portalmovil.com.ar\/index.php\/wp-json\/wp\/v2\/types\/post"}],"author":[{"embeddable":true,"href":"https:\/\/portalmovil.com.ar\/index.php\/wp-json\/wp\/v2\/users\/2"}],"replies":[{"embeddable":true,"href":"https:\/\/portalmovil.com.ar\/index.php\/wp-json\/wp\/v2\/comments?post=78729"}],"version-history":[{"count":1,"href":"https:\/\/portalmovil.com.ar\/index.php\/wp-json\/wp\/v2\/posts\/78729\/revisions"}],"predecessor-version":[{"id":78732,"href":"https:\/\/portalmovil.com.ar\/index.php\/wp-json\/wp\/v2\/posts\/78729\/revisions\/78732"}],"wp:featuredmedia":[{"embeddable":true,"href":"https:\/\/portalmovil.com.ar\/index.php\/wp-json\/wp\/v2\/media\/78731"}],"wp:attachment":[{"href":"https:\/\/portalmovil.com.ar\/index.php\/wp-json\/wp\/v2\/media?parent=78729"}],"wp:term":[{"taxonomy":"category","embeddable":true,"href":"https:\/\/portalmovil.com.ar\/index.php\/wp-json\/wp\/v2\/categories?post=78729"},{"taxonomy":"post_tag","embeddable":true,"href":"https:\/\/portalmovil.com.ar\/index.php\/wp-json\/wp\/v2\/tags?post=78729"}],"curies":[{"name":"wp","href":"https:\/\/api.w.org\/{rel}","templated":true}]}}