{"id":78543,"date":"2023-07-06T09:15:00","date_gmt":"2023-07-06T12:15:00","guid":{"rendered":"https:\/\/portalmovil.com.ar\/?p=78543"},"modified":"2023-07-06T21:16:32","modified_gmt":"2023-07-07T00:16:32","slug":"no-habra-paro-de-colectivos-en-el-chaco","status":"publish","type":"post","link":"https:\/\/portalmovil.com.ar\/index.php\/2023\/07\/06\/no-habra-paro-de-colectivos-en-el-chaco\/","title":{"rendered":"No habr\u00e1 paro de colectivos en el Chaco"},"content":{"rendered":"\n<p>facebook sharing button Compartirtwitter sharing button Twittearemail sharing button Correo electr\u00f3nicowhatsapp sharing button Compartir<br>Desde la Subsecretar\u00eda de Transporte del Chaco, dependiente del Ministerio de Planificaci\u00f3n, Econom\u00eda e Infraestructura informan que la medida de fuerza dispuesta por la UTA (Uni\u00f3n Tranviarios Automotor) y FATAP (Federaci\u00f3n Argentina de Transportadores por Automotor de Pasajeros no tendr\u00e1 efecto en el \u00e1mbito local. Las l\u00edneas de transporte p\u00fablico funcionar\u00e1n con total normalidad este jueves 6 y viernes 7 de julio.<\/p>\n","protected":false},"excerpt":{"rendered":"<p>facebook sharing button Compartirtwitter sharing button Twittearemail sharing button Correo electr\u00f3nicowhatsapp sharing button CompartirDesde la Subsecretar\u00eda de Transporte del Chaco, dependiente del Ministerio de Planificaci\u00f3n, Econom\u00eda e Infraestructura informan que la medida de fuerza dispuesta por la UTA (Uni\u00f3n Tranviarios Automotor) y FATAP (Federaci\u00f3n Argentina de Transportadores por Automotor de Pasajeros no tendr\u00e1 efecto en &hellip;<\/p>\n","protected":false},"author":2,"featured_media":66410,"comment_status":"open","ping_status":"open","sticky":false,"template":"","format":"standard","meta":{"_jetpack_memberships_contains_paid_content":false,"footnotes":"","jetpack_publicize_message":"","jetpack_publicize_feature_enabled":true,"jetpack_social_post_already_shared":true,"jetpack_social_options":{"image_generator_settings":{"template":"highway","default_image_id":0,"font":"","enabled":false},"version":2}},"categories":[28,5],"tags":[],"class_list":["post-78543","post","type-post","status-publish","format-standard","has-post-thumbnail","hentry","category-actualidad","category-chaco"],"jetpack_publicize_connections":[],"jetpack_featured_media_url":"https:\/\/portalmovil.com.ar\/wp-content\/uploads\/2022\/11\/314714699_704714401005164_9043445376715078071_n.jpg","jetpack_sharing_enabled":true,"amp_enabled":true,"_links":{"self":[{"href":"https:\/\/portalmovil.com.ar\/index.php\/wp-json\/wp\/v2\/posts\/78543","targetHints":{"allow":["GET"]}}],"collection":[{"href":"https:\/\/portalmovil.com.ar\/index.php\/wp-json\/wp\/v2\/posts"}],"about":[{"href":"https:\/\/portalmovil.com.ar\/index.php\/wp-json\/wp\/v2\/types\/post"}],"author":[{"embeddable":true,"href":"https:\/\/portalmovil.com.ar\/index.php\/wp-json\/wp\/v2\/users\/2"}],"replies":[{"embeddable":true,"href":"https:\/\/portalmovil.com.ar\/index.php\/wp-json\/wp\/v2\/comments?post=78543"}],"version-history":[{"count":1,"href":"https:\/\/portalmovil.com.ar\/index.php\/wp-json\/wp\/v2\/posts\/78543\/revisions"}],"predecessor-version":[{"id":78544,"href":"https:\/\/portalmovil.com.ar\/index.php\/wp-json\/wp\/v2\/posts\/78543\/revisions\/78544"}],"wp:featuredmedia":[{"embeddable":true,"href":"https:\/\/portalmovil.com.ar\/index.php\/wp-json\/wp\/v2\/media\/66410"}],"wp:attachment":[{"href":"https:\/\/portalmovil.com.ar\/index.php\/wp-json\/wp\/v2\/media?parent=78543"}],"wp:term":[{"taxonomy":"category","embeddable":true,"href":"https:\/\/portalmovil.com.ar\/index.php\/wp-json\/wp\/v2\/categories?post=78543"},{"taxonomy":"post_tag","embeddable":true,"href":"https:\/\/portalmovil.com.ar\/index.php\/wp-json\/wp\/v2\/tags?post=78543"}],"curies":[{"name":"wp","href":"https:\/\/api.w.org\/{rel}","templated":true}]}}