{"id":7837,"date":"2020-06-17T00:39:03","date_gmt":"2020-06-17T03:39:03","guid":{"rendered":"http:\/\/portalmovil.com.ar\/?p=7837"},"modified":"2020-06-17T00:39:06","modified_gmt":"2020-06-17T03:39:06","slug":"saenz-pena-con-2-casos-positivo-de-covid-19-vuelve-a-la-fase-3-de-la-cuarentena","status":"publish","type":"post","link":"https:\/\/portalmovil.com.ar\/index.php\/2020\/06\/17\/saenz-pena-con-2-casos-positivo-de-covid-19-vuelve-a-la-fase-3-de-la-cuarentena\/","title":{"rendered":"S\u00c1ENZ PE\u00d1A: Con 2 casos positivo de Covid-19, vuelve a la fase 3 de la cuarentena"},"content":{"rendered":"\n<p>El intendente de Presidencia Roque S\u00e1enz Pe\u00f1a, Bruno Cipolini, confirm\u00f3 la existencia de un nuevo caso positivo de coronavirus en la ciudad, y ante la imposibilidad hasta el momento de establecer el nexo epidemiol\u00f3gico de \u00e9ste y el caso confirmado del s\u00e1bado, lo que hablar\u00eda de una posible circulaci\u00f3n viral, inform\u00f3 que la segunda ciudad del Chaco retrocede a la Fase 3 de Aislamiento Social, Preventivo y Obligatorio.<\/p>\n\n\n\n<p>El jefe comunal revel\u00f3 que hay&nbsp;hisopados en estudio de los cuales casi 30 presentan s\u00edntomas (muchos de ellos est\u00e1n vinculados al\u00e1rea de salud) \u201cpor lo que estamos ante una posible circulaci\u00f3n viral\u201d reiter\u00f3 en un video en vivo a trav\u00e9s de las redes sociales.<\/p>\n\n\n\n<p>\u201cEn cuanto a las medidas,retrocedemos a Fase 3,es decir que los locales gastron\u00f3micos s\u00f3lo podr\u00e1n venderen mostrador y modalidad delivery\u201d dijo.<\/p>\n\n\n\n<p>A\u00f1adi\u00f3 que \u201clas reuniones familiares quedan suspendidas, excepto el pr\u00f3ximo domingo al mediod\u00eda, que se celebra el D\u00eda del Padre. Se suspenden actividades f\u00edsicas tanto al<br>aire libre como en gimnasios. Se suspenden celebraciones religiosas en<br>todas sus modalidades. Los comercios pueden seguir atendiendo con todas las medidas de bioseguridad acordadas y alentando la venta online\/delivery y peluquer\u00edas y barber\u00edas contin\u00faan con sistema de turnos\u201d aclar\u00f3.<\/p>\n\n\n\n<p>Por \u00faltimo pidi\u00f3 a la comunidad respetar las medidas establecidas, al menos hasta tener en claro la resoluci\u00f3n de los hisopados en estudio, o hasta poder determinar el nexo de estos nuevos contagios.<\/p>\n","protected":false},"excerpt":{"rendered":"<p>El intendente de Presidencia Roque S\u00e1enz Pe\u00f1a, Bruno Cipolini, confirm\u00f3 la existencia de un nuevo caso positivo de coronavirus en la ciudad, y ante la imposibilidad hasta el momento de establecer el nexo epidemiol\u00f3gico de \u00e9ste y el caso confirmado del s\u00e1bado, lo que hablar\u00eda de una posible circulaci\u00f3n viral, inform\u00f3 que la segunda ciudad &hellip;<\/p>\n","protected":false},"author":2,"featured_media":3930,"comment_status":"open","ping_status":"open","sticky":false,"template":"","format":"standard","meta":{"_jetpack_memberships_contains_paid_content":false,"footnotes":"","jetpack_publicize_message":"","jetpack_publicize_feature_enabled":true,"jetpack_social_post_already_shared":true,"jetpack_social_options":{"image_generator_settings":{"template":"highway","default_image_id":0,"font":"","enabled":false},"version":2}},"categories":[12],"tags":[],"class_list":["post-7837","post","type-post","status-publish","format-standard","has-post-thumbnail","hentry","category-ultimo"],"jetpack_publicize_connections":[],"jetpack_featured_media_url":"https:\/\/portalmovil.com.ar\/wp-content\/uploads\/2020\/03\/0001166972.jpg","jetpack_sharing_enabled":true,"amp_enabled":true,"_links":{"self":[{"href":"https:\/\/portalmovil.com.ar\/index.php\/wp-json\/wp\/v2\/posts\/7837","targetHints":{"allow":["GET"]}}],"collection":[{"href":"https:\/\/portalmovil.com.ar\/index.php\/wp-json\/wp\/v2\/posts"}],"about":[{"href":"https:\/\/portalmovil.com.ar\/index.php\/wp-json\/wp\/v2\/types\/post"}],"author":[{"embeddable":true,"href":"https:\/\/portalmovil.com.ar\/index.php\/wp-json\/wp\/v2\/users\/2"}],"replies":[{"embeddable":true,"href":"https:\/\/portalmovil.com.ar\/index.php\/wp-json\/wp\/v2\/comments?post=7837"}],"version-history":[{"count":1,"href":"https:\/\/portalmovil.com.ar\/index.php\/wp-json\/wp\/v2\/posts\/7837\/revisions"}],"predecessor-version":[{"id":7838,"href":"https:\/\/portalmovil.com.ar\/index.php\/wp-json\/wp\/v2\/posts\/7837\/revisions\/7838"}],"wp:featuredmedia":[{"embeddable":true,"href":"https:\/\/portalmovil.com.ar\/index.php\/wp-json\/wp\/v2\/media\/3930"}],"wp:attachment":[{"href":"https:\/\/portalmovil.com.ar\/index.php\/wp-json\/wp\/v2\/media?parent=7837"}],"wp:term":[{"taxonomy":"category","embeddable":true,"href":"https:\/\/portalmovil.com.ar\/index.php\/wp-json\/wp\/v2\/categories?post=7837"},{"taxonomy":"post_tag","embeddable":true,"href":"https:\/\/portalmovil.com.ar\/index.php\/wp-json\/wp\/v2\/tags?post=7837"}],"curies":[{"name":"wp","href":"https:\/\/api.w.org\/{rel}","templated":true}]}}