{"id":78346,"date":"2023-07-03T13:20:57","date_gmt":"2023-07-03T16:20:57","guid":{"rendered":"https:\/\/portalmovil.com.ar\/?p=78346"},"modified":"2023-07-03T13:21:56","modified_gmt":"2023-07-03T16:21:56","slug":"hallaron-muerto-a-un-nene-de-14-anos-en-cordoba-su-mejor-amigo-confeso-ser-el-autor-del-crimen","status":"publish","type":"post","link":"https:\/\/portalmovil.com.ar\/index.php\/2023\/07\/03\/hallaron-muerto-a-un-nene-de-14-anos-en-cordoba-su-mejor-amigo-confeso-ser-el-autor-del-crimen\/","title":{"rendered":"Hallaron muerto a un nene de 14 a\u00f1os en C\u00f3rdoba: su mejor amigo confes\u00f3 ser el autor del crimen"},"content":{"rendered":"\n<p>El pap\u00e1 de Joaqu\u00edn Sperani, el chico de 14 a\u00f1os que fue encontrado muerto en una vivienda abandonada en C\u00f3rdoba,\u00a0cont\u00f3 que estaba en la fiscal\u00eda cuando el mejor amigo de su hijo reconoci\u00f3 que hab\u00eda cometido el asesinato.<\/p>\n\n\n\n<p><strong>Joaqu\u00edn Sperani, de 14 a\u00f1os, era buscado hace tres d\u00edas en la ciudad de Laboulaye, C\u00f3rdoba y apareci\u00f3 muerto en una vivienda deshabitada ubicada en la calle Sarmiento 480, a unos 100 metros del colegio al que el chico concurr\u00eda.<\/strong>\u00a0Su mam\u00e1 radic\u00f3 la denuncia el pasado jueves cuando le avisaron que el adolescente no hab\u00eda asistido a la escuela, pero que en el patio estaba su bicicleta.<\/p>\n\n\n\n<p>Mart\u00edn Sperani y Mariela Flores, los padres de Joaqu\u00edn, sospechaban de un menor, presuntamente de la misma edad, que era mejor amigo de la v\u00edctima y que se encuentra detenido, aunque es inimputable.<\/p>\n\n\n\n<p><strong>\u201cTodo indica que fue \u00e9l quien lo mat\u00f3, es un psic\u00f3pata basura\u201d, dijo Flores a TN. Y sum\u00f3: \u201cHay muchas pruebas que lo incriminan. Era un amigo de toda la vida, no s\u00e9 qu\u00e9 se le cruz\u00f3 por la cabeza\u201d.<\/strong><\/p>\n\n\n\n<p>\u201cEn este momento no tengo las fuerzas para hablar, pero en unos d\u00edas voy a decir un mont\u00f3n de cosas\u201d, advirti\u00f3.<\/p>\n\n\n\n<p><strong>En las \u00faltimas horas, el pap\u00e1 de Joaqu\u00edn, revel\u00f3 que el mejor amigo de su hijo confes\u00f3 que hab\u00eda cometido el crimen y brind\u00f3 detalles sobre el momento en que el chico de 13 a\u00f1os declar\u00f3.<\/strong><\/p>\n\n\n\n<p><strong>Justo en el momento en que el \u00fanico sospechoso por el crimen de Joaqu\u00edn confes\u00f3 que hab\u00eda matado a su amigo, Mart\u00edn Sperani, el padre del adolescente asesinado, revel\u00f3 que estaba en la fiscal\u00eda de Laboulaye.<\/strong><\/p>\n","protected":false},"excerpt":{"rendered":"<p>El pap\u00e1 de Joaqu\u00edn Sperani, el chico de 14 a\u00f1os que fue encontrado muerto en una vivienda abandonada en C\u00f3rdoba,\u00a0cont\u00f3 que estaba en la fiscal\u00eda cuando el mejor amigo de su hijo reconoci\u00f3 que hab\u00eda cometido el asesinato. Joaqu\u00edn Sperani, de 14 a\u00f1os, era buscado hace tres d\u00edas en la ciudad de Laboulaye, C\u00f3rdoba y &hellip;<\/p>\n","protected":false},"author":2,"featured_media":78347,"comment_status":"open","ping_status":"open","sticky":false,"template":"","format":"standard","meta":{"_jetpack_memberships_contains_paid_content":false,"footnotes":"","jetpack_publicize_message":"","jetpack_publicize_feature_enabled":true,"jetpack_social_post_already_shared":true,"jetpack_social_options":{"image_generator_settings":{"template":"highway","default_image_id":0,"font":"","enabled":false},"version":2}},"categories":[639,50],"tags":[],"class_list":["post-78346","post","type-post","status-publish","format-standard","has-post-thumbnail","hentry","category-argentina","category-judiciales"],"jetpack_publicize_connections":[],"jetpack_featured_media_url":"https:\/\/portalmovil.com.ar\/wp-content\/uploads\/2023\/07\/1688386285251.jpg","jetpack_sharing_enabled":true,"amp_enabled":true,"_links":{"self":[{"href":"https:\/\/portalmovil.com.ar\/index.php\/wp-json\/wp\/v2\/posts\/78346","targetHints":{"allow":["GET"]}}],"collection":[{"href":"https:\/\/portalmovil.com.ar\/index.php\/wp-json\/wp\/v2\/posts"}],"about":[{"href":"https:\/\/portalmovil.com.ar\/index.php\/wp-json\/wp\/v2\/types\/post"}],"author":[{"embeddable":true,"href":"https:\/\/portalmovil.com.ar\/index.php\/wp-json\/wp\/v2\/users\/2"}],"replies":[{"embeddable":true,"href":"https:\/\/portalmovil.com.ar\/index.php\/wp-json\/wp\/v2\/comments?post=78346"}],"version-history":[{"count":1,"href":"https:\/\/portalmovil.com.ar\/index.php\/wp-json\/wp\/v2\/posts\/78346\/revisions"}],"predecessor-version":[{"id":78348,"href":"https:\/\/portalmovil.com.ar\/index.php\/wp-json\/wp\/v2\/posts\/78346\/revisions\/78348"}],"wp:featuredmedia":[{"embeddable":true,"href":"https:\/\/portalmovil.com.ar\/index.php\/wp-json\/wp\/v2\/media\/78347"}],"wp:attachment":[{"href":"https:\/\/portalmovil.com.ar\/index.php\/wp-json\/wp\/v2\/media?parent=78346"}],"wp:term":[{"taxonomy":"category","embeddable":true,"href":"https:\/\/portalmovil.com.ar\/index.php\/wp-json\/wp\/v2\/categories?post=78346"},{"taxonomy":"post_tag","embeddable":true,"href":"https:\/\/portalmovil.com.ar\/index.php\/wp-json\/wp\/v2\/tags?post=78346"}],"curies":[{"name":"wp","href":"https:\/\/api.w.org\/{rel}","templated":true}]}}