{"id":7819,"date":"2020-06-16T21:48:51","date_gmt":"2020-06-17T00:48:51","guid":{"rendered":"http:\/\/portalmovil.com.ar\/?p=7819"},"modified":"2020-06-16T21:48:55","modified_gmt":"2020-06-17T00:48:55","slug":"trump-firmo-un-decreto-para-reducir-el-crimen-y-mejorar-los-estandares-de-la-policia","status":"publish","type":"post","link":"https:\/\/portalmovil.com.ar\/index.php\/2020\/06\/16\/trump-firmo-un-decreto-para-reducir-el-crimen-y-mejorar-los-estandares-de-la-policia\/","title":{"rendered":"Trump firm\u00f3 un decreto para \u00abreducir el crimen\u00bb y \u00abmejorar los est\u00e1ndares\u00bb de la Polic\u00eda"},"content":{"rendered":"\n<p>El presidente de Estados Unidos, Donald Trump, firm\u00f3 este martes un decreto para \u00abreducir el crimen\u00bb y \u00abmejorar los est\u00e1ndares\u00bb de las polic\u00edas, su primera medida concreta dirigida a los reclamos de las protestas contra el racismo y la brutalidad de las fuerzas de seguridad, desatadas por la muerte de George Floyd durante su detenci\u00f3n.<\/p>\n\n\n\n<p>\u00abReducir el crimen y mejorar los est\u00e1ndares (de las polic\u00edas) no son objetivos contradictorios. No necesitamos m\u00e1s tensi\u00f3n y divisi\u00f3n; necesitamos acercar a las fuerzas de seguridad y las comunidades, no separlas\u00bb, asegur\u00f3 Trump en un mensaje a la naci\u00f3n desde el jard\u00edn de la Casa Blanca.<\/p>\n\n\n\n<p>\u00abTenemos que buscar un compromiso, pero me opongo terminantemente a los esfuerzos radicales y peligrosos de desfinanciar, desmantelar y disolver nuestros departamentos de polic\u00eda, especialmente ahora que conseguimos el nivel m\u00e1s bajos de cr\u00edmenes de nuestra historia reciente\u00bb, sostuvo en referencia a los reclamos del movimiento Black Lives Matter (Las Vidas Negras Importan).<\/p>\n\n\n\n<p>\u00abTendremos una reforma, sin debilitar a nuestras talentosas fuerzas de seguridad\u00bb, agreg\u00f3 Trump, seg\u00fan el canal de noticias ABC, y cada uno de los cambios de su decreto incluyen la voz y los argumentos de las polic\u00edas.<\/p>\n\n\n\n<p>\u00abCon este decreto priorizaremos pr\u00e9stamos federales del Departamento de Justicia para los Departamentos de Polic\u00eda que busquen acreditar de manera independiente que cumplen con los est\u00e1ndares m\u00e1s altos en los entrenamientos de uso de la fuerza y para desescalar situaciones\u00bb, anunci\u00f3 el mandatario.<\/p>\n\n\n\n<p>\u00abMuchos creen que un entrenamiento adecuado hubiera prevenido muertes tr\u00e1gicas. Por eso, como parte de este nuevo proceso de credenciales, se van a prohibir los estrangulamientos (en las detenciones), excepto si la vida de un oficial est\u00e1 en peligro\u00bb, asegur\u00f3.<\/p>\n\n\n\n<p>Tanto Minneapolis -donde fue asesinado Floyd- como Nueva York prohibieron en los \u00faltimos d\u00edas el uso del estrangulamiento en las detenciones policiales, pero a diferencia del mandatario, no pusieron ninguna excepci\u00f3n.<\/p>\n\n\n\n<figure class=\"wp-block-image\"><img decoding=\"async\" src=\"https:\/\/www.telam.com.ar\/advf\/imagenes\/2020\/05\/5ed3b5282ae9d_1004x565.jpg\" alt=\"\" title=\"\"\/><\/figure>\n\n\n\n<p><strong>El decreto presidencial tambi\u00e9n exige que los departamentos de polic\u00eda \u00abtengan y compartan informaci\u00f3n sobre abusos cre\u00edbles, para que los oficiales con problemas significativos no puedan simplemente cambiar de un departamento de polic\u00eda a otro\u00bb.<\/strong><\/p>\n\n\n\n<p>Asimismo, destinar\u00e1 m\u00e1s fondos federales \u00abpara ayudar a los oficiales que tratan con personas que viven en las calles, tienen enfermedades mentales o un problema de adicci\u00f3n de droga\u00bb.<\/p>\n\n\n\n<p>\u00abDaremos m\u00e1s fondos para personal como trabajadores sociales y oficiales que ayuden en estas situaciones complicadas\u00bb, explic\u00f3 el mandatario.<\/p>\n\n\n\n<p>Trump repiti\u00f3 una y otra vez que se trataba de \u00abun gran paso\u00bb, se mostr\u00f3 \u00abdispuesto\u00bb a aprobar futuras iniciativas que apruebe el Congreso y hasta destac\u00f3 que \u00abel presidente (Barack) Obama y el vicepresidente (Joe) Biden nunca siquiera intentaron arreglar esto durante sus ocho a\u00f1os de gesti\u00f3n\u00bb.<\/p>\n\n\n\n<p>Sin embargo, las medidas anunciadas por el mandatario, quien desde el primer d\u00eda critic\u00f3 las protestas desatadas por el asesinato de Floyd en Minneapolis, pr\u00e1cticamente no tienen en cuenta ni los reclamos m\u00e1s profundos que siguen exigiendo los manifestantes en las calles ni tampoco las propuestas m\u00e1s moderadas de organizaciones civiles y l\u00edderes opositores que empezaron a discutirse o hasta fueron aprobadas en varias ciudades y estados.<\/p>\n\n\n\n<p>Muchos de estos cambios son parte de las jurisdicciones de gobernadores, alcaldes y de los poderes legislativos a nivel federal y local. Sin embargo, la comunidad afroestadounidense est\u00e1 reclamando al presidente reformas concretas que s\u00ed le competen a \u00e9l.<\/p>\n\n\n\n<p>Por ejemplo, suspender las ayudas directas a departamentos de polic\u00eda que hace a\u00f1os son utilizadas para militarizar a sus agentes, un proceso que, seg\u00fan organizaciones de derechos civiles y activistas afroestadounidenses, no hizo m\u00e1s que potenciar la brutalidad policial, especialmente contra esa y otras minor\u00edas.<\/p>\n","protected":false},"excerpt":{"rendered":"<p>El presidente de Estados Unidos, Donald Trump, firm\u00f3 este martes un decreto para \u00abreducir el crimen\u00bb y \u00abmejorar los est\u00e1ndares\u00bb de las polic\u00edas, su primera medida concreta dirigida a los reclamos de las protestas contra el racismo y la brutalidad de las fuerzas de seguridad, desatadas por la muerte de George Floyd durante su detenci\u00f3n. &hellip;<\/p>\n","protected":false},"author":2,"featured_media":7820,"comment_status":"open","ping_status":"open","sticky":false,"template":"","format":"standard","meta":{"_jetpack_memberships_contains_paid_content":false,"footnotes":"","jetpack_publicize_message":"","jetpack_publicize_feature_enabled":true,"jetpack_social_post_already_shared":true,"jetpack_social_options":{"image_generator_settings":{"template":"highway","default_image_id":0,"font":"","enabled":false},"version":2}},"categories":[17],"tags":[],"class_list":["post-7819","post","type-post","status-publish","format-standard","has-post-thumbnail","hentry","category-mundo"],"jetpack_publicize_connections":[],"jetpack_featured_media_url":"https:\/\/portalmovil.com.ar\/wp-content\/uploads\/2020\/06\/tr_0.png","jetpack_sharing_enabled":true,"amp_enabled":true,"_links":{"self":[{"href":"https:\/\/portalmovil.com.ar\/index.php\/wp-json\/wp\/v2\/posts\/7819","targetHints":{"allow":["GET"]}}],"collection":[{"href":"https:\/\/portalmovil.com.ar\/index.php\/wp-json\/wp\/v2\/posts"}],"about":[{"href":"https:\/\/portalmovil.com.ar\/index.php\/wp-json\/wp\/v2\/types\/post"}],"author":[{"embeddable":true,"href":"https:\/\/portalmovil.com.ar\/index.php\/wp-json\/wp\/v2\/users\/2"}],"replies":[{"embeddable":true,"href":"https:\/\/portalmovil.com.ar\/index.php\/wp-json\/wp\/v2\/comments?post=7819"}],"version-history":[{"count":1,"href":"https:\/\/portalmovil.com.ar\/index.php\/wp-json\/wp\/v2\/posts\/7819\/revisions"}],"predecessor-version":[{"id":7821,"href":"https:\/\/portalmovil.com.ar\/index.php\/wp-json\/wp\/v2\/posts\/7819\/revisions\/7821"}],"wp:featuredmedia":[{"embeddable":true,"href":"https:\/\/portalmovil.com.ar\/index.php\/wp-json\/wp\/v2\/media\/7820"}],"wp:attachment":[{"href":"https:\/\/portalmovil.com.ar\/index.php\/wp-json\/wp\/v2\/media?parent=7819"}],"wp:term":[{"taxonomy":"category","embeddable":true,"href":"https:\/\/portalmovil.com.ar\/index.php\/wp-json\/wp\/v2\/categories?post=7819"},{"taxonomy":"post_tag","embeddable":true,"href":"https:\/\/portalmovil.com.ar\/index.php\/wp-json\/wp\/v2\/tags?post=7819"}],"curies":[{"name":"wp","href":"https:\/\/api.w.org\/{rel}","templated":true}]}}