{"id":78062,"date":"2023-06-26T19:21:50","date_gmt":"2023-06-26T22:21:50","guid":{"rendered":"https:\/\/portalmovil.com.ar\/?p=78062"},"modified":"2023-06-26T19:21:54","modified_gmt":"2023-06-26T22:21:54","slug":"la-oficina-de-anses-no-abrira-sus-puertas-este-martes","status":"publish","type":"post","link":"https:\/\/portalmovil.com.ar\/index.php\/2023\/06\/26\/la-oficina-de-anses-no-abrira-sus-puertas-este-martes\/","title":{"rendered":"La oficina de Anses no abrir\u00e1 sus puertas este martes"},"content":{"rendered":"\n<p>La&nbsp;Anses inform\u00f3 que, seg\u00fan lo establece la Ley 26.876, el pr\u00f3ximo martes 27 de junio sus delegaciones estar\u00e1n cerradas, con motivo del D\u00eda del Trabajador del Estado.&nbsp;<\/p>\n\n\n\n<p>Cabe aclarar que, previendo la conmemoraci\u00f3n, no se otorgaron turnos para ese d\u00eda y la atenci\u00f3n se reanudar\u00e1 con normalidad el mi\u00e9rcoles 28.<\/p>\n","protected":false},"excerpt":{"rendered":"<p>La&nbsp;Anses inform\u00f3 que, seg\u00fan lo establece la Ley 26.876, el pr\u00f3ximo martes 27 de junio sus delegaciones estar\u00e1n cerradas, con motivo del D\u00eda del Trabajador del Estado.&nbsp; Cabe aclarar que, previendo la conmemoraci\u00f3n, no se otorgaron turnos para ese d\u00eda y la atenci\u00f3n se reanudar\u00e1 con normalidad el mi\u00e9rcoles 28.<\/p>\n","protected":false},"author":2,"featured_media":76564,"comment_status":"open","ping_status":"open","sticky":false,"template":"","format":"standard","meta":{"_jetpack_memberships_contains_paid_content":false,"footnotes":"","jetpack_publicize_message":"","jetpack_publicize_feature_enabled":true,"jetpack_social_post_already_shared":true,"jetpack_social_options":{"image_generator_settings":{"template":"highway","default_image_id":0,"font":"","enabled":false},"version":2}},"categories":[28,5],"tags":[],"class_list":["post-78062","post","type-post","status-publish","format-standard","has-post-thumbnail","hentry","category-actualidad","category-chaco"],"jetpack_publicize_connections":[],"jetpack_featured_media_url":"https:\/\/portalmovil.com.ar\/wp-content\/uploads\/2023\/05\/b52cd21167d4bed433a6abdfb98f7c0c.jpg","jetpack_sharing_enabled":true,"amp_enabled":true,"_links":{"self":[{"href":"https:\/\/portalmovil.com.ar\/index.php\/wp-json\/wp\/v2\/posts\/78062","targetHints":{"allow":["GET"]}}],"collection":[{"href":"https:\/\/portalmovil.com.ar\/index.php\/wp-json\/wp\/v2\/posts"}],"about":[{"href":"https:\/\/portalmovil.com.ar\/index.php\/wp-json\/wp\/v2\/types\/post"}],"author":[{"embeddable":true,"href":"https:\/\/portalmovil.com.ar\/index.php\/wp-json\/wp\/v2\/users\/2"}],"replies":[{"embeddable":true,"href":"https:\/\/portalmovil.com.ar\/index.php\/wp-json\/wp\/v2\/comments?post=78062"}],"version-history":[{"count":1,"href":"https:\/\/portalmovil.com.ar\/index.php\/wp-json\/wp\/v2\/posts\/78062\/revisions"}],"predecessor-version":[{"id":78063,"href":"https:\/\/portalmovil.com.ar\/index.php\/wp-json\/wp\/v2\/posts\/78062\/revisions\/78063"}],"wp:featuredmedia":[{"embeddable":true,"href":"https:\/\/portalmovil.com.ar\/index.php\/wp-json\/wp\/v2\/media\/76564"}],"wp:attachment":[{"href":"https:\/\/portalmovil.com.ar\/index.php\/wp-json\/wp\/v2\/media?parent=78062"}],"wp:term":[{"taxonomy":"category","embeddable":true,"href":"https:\/\/portalmovil.com.ar\/index.php\/wp-json\/wp\/v2\/categories?post=78062"},{"taxonomy":"post_tag","embeddable":true,"href":"https:\/\/portalmovil.com.ar\/index.php\/wp-json\/wp\/v2\/tags?post=78062"}],"curies":[{"name":"wp","href":"https:\/\/api.w.org\/{rel}","templated":true}]}}