{"id":78049,"date":"2023-06-26T18:02:22","date_gmt":"2023-06-26T21:02:22","guid":{"rendered":"https:\/\/portalmovil.com.ar\/?p=78049"},"modified":"2023-06-26T18:03:19","modified_gmt":"2023-06-26T21:03:19","slug":"un-hombreo-murio-al-chocar-un-camion-y-una-moto","status":"publish","type":"post","link":"https:\/\/portalmovil.com.ar\/index.php\/2023\/06\/26\/un-hombreo-murio-al-chocar-un-camion-y-una-moto\/","title":{"rendered":"Un hombreo muri\u00f3 al chocar un cami\u00f3n y una moto"},"content":{"rendered":"\n<p>Un hombre de 43 a\u00f1os muri\u00f3 este lunes al chocar la moto en la que transitaba y un cami\u00f3n semi remolque, informaron fuentes policiales.<\/p>\n\n\n\n<p>El siniestro, cuyas circunstancias a\u00fan no fueron determinadas, se produjo alrededor de las 14.30, en el kil\u00f3metro 990 de la Ruta Nacional N\u00b011, entre un cami\u00f3n Scania 6-310, conducido por un hombre de 38 a\u00f1os, y una motocicleta 110cc en la que iba un hombre de 43.<\/p>\n\n\n\n<p>Producto del impacto, el conductor de la moto, identificado como Mat\u00edas Edgardo Amalia, perdi\u00f3 la vida. El m\u00e9dico que lo atendi\u00f3 en el lugar constat\u00f3 que ya se encontraba sin signos vitales.<\/p>\n\n\n\n<p>PH: ILUSTRATIVA<\/p>\n","protected":false},"excerpt":{"rendered":"<p>Un hombre de 43 a\u00f1os muri\u00f3 este lunes al chocar la moto en la que transitaba y un cami\u00f3n semi remolque, informaron fuentes policiales. El siniestro, cuyas circunstancias a\u00fan no fueron determinadas, se produjo alrededor de las 14.30, en el kil\u00f3metro 990 de la Ruta Nacional N\u00b011, entre un cami\u00f3n Scania 6-310, conducido por un &hellip;<\/p>\n","protected":false},"author":2,"featured_media":78050,"comment_status":"open","ping_status":"open","sticky":false,"template":"","format":"standard","meta":{"_jetpack_memberships_contains_paid_content":false,"footnotes":"","jetpack_publicize_message":"","jetpack_publicize_feature_enabled":true,"jetpack_social_post_already_shared":true,"jetpack_social_options":{"image_generator_settings":{"template":"highway","default_image_id":0,"font":"","enabled":false},"version":2}},"categories":[5,8],"tags":[],"class_list":["post-78049","post","type-post","status-publish","format-standard","has-post-thumbnail","hentry","category-chaco","category-policiales"],"jetpack_publicize_connections":[],"jetpack_featured_media_url":"https:\/\/portalmovil.com.ar\/wp-content\/uploads\/2023\/06\/pampa-696x392-1.jpg","jetpack_sharing_enabled":true,"amp_enabled":true,"_links":{"self":[{"href":"https:\/\/portalmovil.com.ar\/index.php\/wp-json\/wp\/v2\/posts\/78049","targetHints":{"allow":["GET"]}}],"collection":[{"href":"https:\/\/portalmovil.com.ar\/index.php\/wp-json\/wp\/v2\/posts"}],"about":[{"href":"https:\/\/portalmovil.com.ar\/index.php\/wp-json\/wp\/v2\/types\/post"}],"author":[{"embeddable":true,"href":"https:\/\/portalmovil.com.ar\/index.php\/wp-json\/wp\/v2\/users\/2"}],"replies":[{"embeddable":true,"href":"https:\/\/portalmovil.com.ar\/index.php\/wp-json\/wp\/v2\/comments?post=78049"}],"version-history":[{"count":2,"href":"https:\/\/portalmovil.com.ar\/index.php\/wp-json\/wp\/v2\/posts\/78049\/revisions"}],"predecessor-version":[{"id":78053,"href":"https:\/\/portalmovil.com.ar\/index.php\/wp-json\/wp\/v2\/posts\/78049\/revisions\/78053"}],"wp:featuredmedia":[{"embeddable":true,"href":"https:\/\/portalmovil.com.ar\/index.php\/wp-json\/wp\/v2\/media\/78050"}],"wp:attachment":[{"href":"https:\/\/portalmovil.com.ar\/index.php\/wp-json\/wp\/v2\/media?parent=78049"}],"wp:term":[{"taxonomy":"category","embeddable":true,"href":"https:\/\/portalmovil.com.ar\/index.php\/wp-json\/wp\/v2\/categories?post=78049"},{"taxonomy":"post_tag","embeddable":true,"href":"https:\/\/portalmovil.com.ar\/index.php\/wp-json\/wp\/v2\/tags?post=78049"}],"curies":[{"name":"wp","href":"https:\/\/api.w.org\/{rel}","templated":true}]}}