{"id":77961,"date":"2023-06-23T01:32:00","date_gmt":"2023-06-23T04:32:00","guid":{"rendered":"https:\/\/portalmovil.com.ar\/?p=77961"},"modified":"2023-06-23T13:35:44","modified_gmt":"2023-06-23T16:35:44","slug":"larreta-presento-a-morales-como-companero-de-formula-para-las-paso","status":"publish","type":"post","link":"https:\/\/portalmovil.com.ar\/index.php\/2023\/06\/23\/larreta-presento-a-morales-como-companero-de-formula-para-las-paso\/","title":{"rendered":"Larreta present\u00f3 a Morales como compa\u00f1ero de f\u00f3rmula para las PASO"},"content":{"rendered":"\n<p>Como se ven\u00eda estipulando en el transcurso de la ma\u00f1ana de este viernes, Horacio Rodr\u00edguez Larreta oficializ\u00f3 a Gerardo Morales como su compa\u00f1ero de f\u00f3rmula de cara a las elecciones PASO nacionales que se desarrollar\u00e1n el pr\u00f3ximo domingo 13 de agosto.<\/p>\n\n\n\n<p>El jefe de Gobierno porte\u00f1o brind\u00f3 una conferencia de prensa en La Escondida en Palermo junto al presidente de la Uni\u00f3n C\u00edvica Radical. \u00abNecesitamos un cambio profundo y real, lo m\u00e1s importante: un cambio que se mantenga en el tiempo\u00bb, comenz\u00f3 explicando en su discurso el funcionario porte\u00f1o. Seguidamente, se\u00f1al\u00f3 que \u00abno es solo un cambio de gobierno porque si no le cambiamos la vida a la gente, no es un cambio\u00bb.<\/p>\n\n\n\n<p>Luego, el referente del PRO se inclin\u00f3 a llenar de elogios al dirigente radical. \u00abPara m\u00ed es una gran alegr\u00eda, honor y orgullo contarles hoy que Gerardo Morales ser\u00e1 quien me acompa\u00f1e como candidato\u00bb.<\/p>\n\n\n\n<p>\u00abEs un tipo de acci\u00f3n, de ir al frente, de hacer\u00bb, mencion\u00f3 Rodr\u00edguez Larreta y agreg\u00f3: \u00abHoy gobierna una provincia muy importante de la Argentina, los juje\u00f1os viven mucho mejor que hace 8 a\u00f1os\u00bb.<\/p>\n\n\n\n<p>En ese marco, el precandidato a presidente por Juntos por el Cambio destac\u00f3 que el mandatario juje\u00f1o \u00abgener\u00f3 m\u00e1s trabajo y m\u00e1s educaci\u00f3n\u00bb en la provincia. Y asegur\u00f3 que \u00ablos juje\u00f1os viven m\u00e1s seguros, se acabaron los aprietes de la Tupac Amaru\u00bb.<\/p>\n\n\n\n<p>Tambi\u00e9n, remarc\u00f3 que el l\u00edder del radicalismo \u00abrepresenta el federalismo para representar a las provincias y que puedan tener el rol que se merecen\u00bb, y cuestion\u00f3 al kirchnerismo porque \u00abcon la concentraci\u00f3n de poder que tienen transformaron a la Argentina en un pa\u00eds unitario\u00bb.<\/p>\n","protected":false},"excerpt":{"rendered":"<p>Como se ven\u00eda estipulando en el transcurso de la ma\u00f1ana de este viernes, Horacio Rodr\u00edguez Larreta oficializ\u00f3 a Gerardo Morales como su compa\u00f1ero de f\u00f3rmula de cara a las elecciones PASO nacionales que se desarrollar\u00e1n el pr\u00f3ximo domingo 13 de agosto. El jefe de Gobierno porte\u00f1o brind\u00f3 una conferencia de prensa en La Escondida en &hellip;<\/p>\n","protected":false},"author":2,"featured_media":77962,"comment_status":"open","ping_status":"open","sticky":false,"template":"","format":"standard","meta":{"_jetpack_memberships_contains_paid_content":false,"footnotes":"","jetpack_publicize_message":"","jetpack_publicize_feature_enabled":true,"jetpack_social_post_already_shared":true,"jetpack_social_options":{"image_generator_settings":{"template":"highway","default_image_id":0,"font":"","enabled":false},"version":2}},"categories":[639,14,12],"tags":[],"class_list":["post-77961","post","type-post","status-publish","format-standard","has-post-thumbnail","hentry","category-argentina","category-politica","category-ultimo"],"jetpack_publicize_connections":[],"jetpack_featured_media_url":"https:\/\/portalmovil.com.ar\/wp-content\/uploads\/2023\/06\/6495c6a227e82_1200.jpg","jetpack_sharing_enabled":true,"amp_enabled":true,"_links":{"self":[{"href":"https:\/\/portalmovil.com.ar\/index.php\/wp-json\/wp\/v2\/posts\/77961","targetHints":{"allow":["GET"]}}],"collection":[{"href":"https:\/\/portalmovil.com.ar\/index.php\/wp-json\/wp\/v2\/posts"}],"about":[{"href":"https:\/\/portalmovil.com.ar\/index.php\/wp-json\/wp\/v2\/types\/post"}],"author":[{"embeddable":true,"href":"https:\/\/portalmovil.com.ar\/index.php\/wp-json\/wp\/v2\/users\/2"}],"replies":[{"embeddable":true,"href":"https:\/\/portalmovil.com.ar\/index.php\/wp-json\/wp\/v2\/comments?post=77961"}],"version-history":[{"count":1,"href":"https:\/\/portalmovil.com.ar\/index.php\/wp-json\/wp\/v2\/posts\/77961\/revisions"}],"predecessor-version":[{"id":77963,"href":"https:\/\/portalmovil.com.ar\/index.php\/wp-json\/wp\/v2\/posts\/77961\/revisions\/77963"}],"wp:featuredmedia":[{"embeddable":true,"href":"https:\/\/portalmovil.com.ar\/index.php\/wp-json\/wp\/v2\/media\/77962"}],"wp:attachment":[{"href":"https:\/\/portalmovil.com.ar\/index.php\/wp-json\/wp\/v2\/media?parent=77961"}],"wp:term":[{"taxonomy":"category","embeddable":true,"href":"https:\/\/portalmovil.com.ar\/index.php\/wp-json\/wp\/v2\/categories?post=77961"},{"taxonomy":"post_tag","embeddable":true,"href":"https:\/\/portalmovil.com.ar\/index.php\/wp-json\/wp\/v2\/tags?post=77961"}],"curies":[{"name":"wp","href":"https:\/\/api.w.org\/{rel}","templated":true}]}}