{"id":7796,"date":"2020-06-16T10:30:25","date_gmt":"2020-06-16T13:30:25","guid":{"rendered":"http:\/\/portalmovil.com.ar\/?p=7796"},"modified":"2020-06-16T10:30:29","modified_gmt":"2020-06-16T13:30:29","slug":"el-poder-legislativo-adhiere-a-las-medidas-adoptadas-por-el-gobierno-provincial","status":"publish","type":"post","link":"https:\/\/portalmovil.com.ar\/index.php\/2020\/06\/16\/el-poder-legislativo-adhiere-a-las-medidas-adoptadas-por-el-gobierno-provincial\/","title":{"rendered":"El Poder Legislativo adhiere a las medidas adoptadas por el Gobierno provincial"},"content":{"rendered":"\n<p>El Poder Legislativo del Chaco adhiere a las medidas adoptadas por el gobernador Jorge Milton Capitanich, para contener la propagaci\u00f3n de la COVID-19. En virtud de ello, estableci\u00f3 el cese de actividades por el plazo de una semana, en pos de resguardar a sus trabajadores, ante el riesgo sanitario que enfrenta la provincia y el pa\u00eds.<\/p>\n\n\n\n<p>As\u00ed lo resolvi\u00f3 el presidente de la Legislatura, Hugo Sager a trav\u00e9s una resoluci\u00f3n que dispone la adhesi\u00f3n al asueto establecido por el Decreto N\u00b0 702\/2020 del Poder Ejecutivo de la Provincia del Chaco; y establece, desde el 16 de junio hasta el 21 de junio de 2020 inclusive, la suspensi\u00f3n de actividades laborales de todo el personal dependiente del poder Legislativo y de los t\u00e9rminos administrativos y parlamentarios.<\/p>\n\n\n\n<p>Asimismo, el instrumento legal detalla la suspensi\u00f3n de los t\u00e9rminos administrativos, que incluye guardias m\u00ednimas en los considerados servicios esenciales, tales como servicios administrativos de liquidaci\u00f3n de sueldos y haberes, las \u00e1reas de Tesorer\u00eda y Contadur\u00eda, y las que, por razones fundadas, se declaren como tal por la Presidencia.<\/p>\n\n\n\n<p>De esta manera, ante la plena vigencia del Protocolo Unificado de Actuaci\u00f3n \u2013 Ley 3125-A, y las medidas dispuestas por Resoluciones de Presidencia N\u00ba 454\/20, 476\/20, 478\/20, 553\/20, 674\/20, 680\/20, 740\/20, 753\/20 y 834\/20 se procedi\u00f3 al dictado de la presente resoluci\u00f3n.<\/p>\n","protected":false},"excerpt":{"rendered":"<p>El Poder Legislativo del Chaco adhiere a las medidas adoptadas por el gobernador Jorge Milton Capitanich, para contener la propagaci\u00f3n de la COVID-19. En virtud de ello, estableci\u00f3 el cese de actividades por el plazo de una semana, en pos de resguardar a sus trabajadores, ante el riesgo sanitario que enfrenta la provincia y el &hellip;<\/p>\n","protected":false},"author":2,"featured_media":5135,"comment_status":"open","ping_status":"open","sticky":false,"template":"","format":"standard","meta":{"_jetpack_memberships_contains_paid_content":false,"footnotes":"","jetpack_publicize_message":"","jetpack_publicize_feature_enabled":true,"jetpack_social_post_already_shared":true,"jetpack_social_options":{"image_generator_settings":{"template":"highway","default_image_id":0,"font":"","enabled":false},"version":2}},"categories":[5,14],"tags":[],"class_list":["post-7796","post","type-post","status-publish","format-standard","has-post-thumbnail","hentry","category-chaco","category-politica"],"jetpack_publicize_connections":[],"jetpack_featured_media_url":"https:\/\/portalmovil.com.ar\/wp-content\/uploads\/2020\/04\/eb942f89-9e69-4518-b390-8d4dedd8a933.jpg","jetpack_sharing_enabled":true,"amp_enabled":true,"_links":{"self":[{"href":"https:\/\/portalmovil.com.ar\/index.php\/wp-json\/wp\/v2\/posts\/7796","targetHints":{"allow":["GET"]}}],"collection":[{"href":"https:\/\/portalmovil.com.ar\/index.php\/wp-json\/wp\/v2\/posts"}],"about":[{"href":"https:\/\/portalmovil.com.ar\/index.php\/wp-json\/wp\/v2\/types\/post"}],"author":[{"embeddable":true,"href":"https:\/\/portalmovil.com.ar\/index.php\/wp-json\/wp\/v2\/users\/2"}],"replies":[{"embeddable":true,"href":"https:\/\/portalmovil.com.ar\/index.php\/wp-json\/wp\/v2\/comments?post=7796"}],"version-history":[{"count":1,"href":"https:\/\/portalmovil.com.ar\/index.php\/wp-json\/wp\/v2\/posts\/7796\/revisions"}],"predecessor-version":[{"id":7797,"href":"https:\/\/portalmovil.com.ar\/index.php\/wp-json\/wp\/v2\/posts\/7796\/revisions\/7797"}],"wp:featuredmedia":[{"embeddable":true,"href":"https:\/\/portalmovil.com.ar\/index.php\/wp-json\/wp\/v2\/media\/5135"}],"wp:attachment":[{"href":"https:\/\/portalmovil.com.ar\/index.php\/wp-json\/wp\/v2\/media?parent=7796"}],"wp:term":[{"taxonomy":"category","embeddable":true,"href":"https:\/\/portalmovil.com.ar\/index.php\/wp-json\/wp\/v2\/categories?post=7796"},{"taxonomy":"post_tag","embeddable":true,"href":"https:\/\/portalmovil.com.ar\/index.php\/wp-json\/wp\/v2\/tags?post=7796"}],"curies":[{"name":"wp","href":"https:\/\/api.w.org\/{rel}","templated":true}]}}