{"id":77932,"date":"2023-06-22T19:19:09","date_gmt":"2023-06-22T22:19:09","guid":{"rendered":"https:\/\/portalmovil.com.ar\/?p=77932"},"modified":"2023-06-22T19:19:11","modified_gmt":"2023-06-22T22:19:11","slug":"llega-un-veranito-otonal-a-chaco-que-precedera-a-un-nuevo-cambio-brusco-de-tiempo","status":"publish","type":"post","link":"https:\/\/portalmovil.com.ar\/index.php\/2023\/06\/22\/llega-un-veranito-otonal-a-chaco-que-precedera-a-un-nuevo-cambio-brusco-de-tiempo\/","title":{"rendered":"Llega un \u00abveranito oto\u00f1al\u00bb a Chaco que preceder\u00e1 a un nuevo cambio brusco de tiempo"},"content":{"rendered":"\n<p>El Servicio Meteorol\u00f3gico Nacional anticipa&nbsp;<strong>tiempo inestable con lloviznas para la ma\u00f1ana de este viernes en Resistencia y alrededores, y un notorio cambio de tiempo a partir de la tarde-noche, que dar\u00eda lugar a la llegada del \u00abVeranillo de San Juan\u00bb, con temperaturas m\u00e1ximas en torno a los 30\u00b0C a partir del s\u00e1bado<\/strong>.<\/p>\n\n\n\n<p>En detalle,\u00a0<strong>para este viernes se espera neblinas y bancos de niebla matinales, probables lloviznas por la ma\u00f1ana, y nubosidad en dismuni\u00f3n a partir de la tarde<\/strong>, con vientos leves del sudeste rotando al norte.<strong>\u00a0La temperatura oscilar\u00e1 entre 13 grados de m\u00ednima y 24 de m\u00e1xima<\/strong>.<\/p>\n\n\n\n<p>Asimismo, para el s\u00e1bado se prev\u00e9 cielo parcialmente nublado y vientos leves del norte, con un piso t\u00e9rmico de 17 grados y un techo de 30.<\/p>\n\n\n\n<p>En tanto, para el domingo se anuncia cielo mayormente nublado por la ma\u00f1ana y parcialmente nublado por la tarde-noche, con 18 grados de temperatura m\u00ednima y 30 de m\u00e1xima.<\/p>\n\n\n\n<p>Finalmente, para el lunes, el SMN pronostica tiempo bueno, con cielo parcial a algo nublado, y ambiente c\u00e1lido, con una m\u00ednima de 19 grados y una m\u00e1xima de 31.<\/p>\n","protected":false},"excerpt":{"rendered":"<p>El Servicio Meteorol\u00f3gico Nacional anticipa&nbsp;tiempo inestable con lloviznas para la ma\u00f1ana de este viernes en Resistencia y alrededores, y un notorio cambio de tiempo a partir de la tarde-noche, que dar\u00eda lugar a la llegada del \u00abVeranillo de San Juan\u00bb, con temperaturas m\u00e1ximas en torno a los 30\u00b0C a partir del s\u00e1bado. En detalle,\u00a0para este &hellip;<\/p>\n","protected":false},"author":2,"featured_media":76351,"comment_status":"open","ping_status":"open","sticky":false,"template":"","format":"standard","meta":{"_jetpack_memberships_contains_paid_content":false,"footnotes":"","jetpack_publicize_message":"","jetpack_publicize_feature_enabled":true,"jetpack_social_post_already_shared":true,"jetpack_social_options":{"image_generator_settings":{"template":"highway","default_image_id":0,"font":"","enabled":false},"version":2}},"categories":[28,5],"tags":[],"class_list":["post-77932","post","type-post","status-publish","format-standard","has-post-thumbnail","hentry","category-actualidad","category-chaco"],"jetpack_publicize_connections":[],"jetpack_featured_media_url":"https:\/\/portalmovil.com.ar\/wp-content\/uploads\/2023\/05\/6462a03b32858885257064.jpg","jetpack_sharing_enabled":true,"amp_enabled":true,"_links":{"self":[{"href":"https:\/\/portalmovil.com.ar\/index.php\/wp-json\/wp\/v2\/posts\/77932","targetHints":{"allow":["GET"]}}],"collection":[{"href":"https:\/\/portalmovil.com.ar\/index.php\/wp-json\/wp\/v2\/posts"}],"about":[{"href":"https:\/\/portalmovil.com.ar\/index.php\/wp-json\/wp\/v2\/types\/post"}],"author":[{"embeddable":true,"href":"https:\/\/portalmovil.com.ar\/index.php\/wp-json\/wp\/v2\/users\/2"}],"replies":[{"embeddable":true,"href":"https:\/\/portalmovil.com.ar\/index.php\/wp-json\/wp\/v2\/comments?post=77932"}],"version-history":[{"count":1,"href":"https:\/\/portalmovil.com.ar\/index.php\/wp-json\/wp\/v2\/posts\/77932\/revisions"}],"predecessor-version":[{"id":77933,"href":"https:\/\/portalmovil.com.ar\/index.php\/wp-json\/wp\/v2\/posts\/77932\/revisions\/77933"}],"wp:featuredmedia":[{"embeddable":true,"href":"https:\/\/portalmovil.com.ar\/index.php\/wp-json\/wp\/v2\/media\/76351"}],"wp:attachment":[{"href":"https:\/\/portalmovil.com.ar\/index.php\/wp-json\/wp\/v2\/media?parent=77932"}],"wp:term":[{"taxonomy":"category","embeddable":true,"href":"https:\/\/portalmovil.com.ar\/index.php\/wp-json\/wp\/v2\/categories?post=77932"},{"taxonomy":"post_tag","embeddable":true,"href":"https:\/\/portalmovil.com.ar\/index.php\/wp-json\/wp\/v2\/tags?post=77932"}],"curies":[{"name":"wp","href":"https:\/\/api.w.org\/{rel}","templated":true}]}}