{"id":77888,"date":"2023-06-21T23:14:27","date_gmt":"2023-06-22T02:14:27","guid":{"rendered":"https:\/\/portalmovil.com.ar\/?p=77888"},"modified":"2023-06-21T23:15:24","modified_gmt":"2023-06-22T02:15:24","slug":"intervienen-la-fundacion-doctor-andres-saul-acuna","status":"publish","type":"post","link":"https:\/\/portalmovil.com.ar\/index.php\/2023\/06\/21\/intervienen-la-fundacion-doctor-andres-saul-acuna\/","title":{"rendered":"Intervienen la Fundaci\u00f3n \u00abDoctor Andr\u00e9s Sa\u00fal Acu\u00f1a\u00bb"},"content":{"rendered":"\n<p><strong>Este mi\u00e9rcoles por la ma\u00f1ana, el Gobierno provincial anunci\u00f3 que intervendr\u00e1 la Fundaci\u00f3n \u00abDoctor Andr\u00e9s Sa\u00fal Acu\u00f1a\u00bb, que era manejada por los dirigentes sociales detenidos por la desaparici\u00f3n de Cecilia Strzyzowski, Emerenciano Sena y Marcela Acu\u00f1a.<\/strong>\u00a0<\/p>\n\n\n\n<p><strong>Dicha organizaci\u00f3n, ubicada en Edison 1345, estaba a cargo del barrio Emerenciano, de la Escuela P\u00fablica de Gesti\u00f3n Social N\u00b0 2, del centro de salud, de los campos, entre otros.<\/strong>&nbsp;Adem\u00e1s, recib\u00eda dinero por parte del Ejecutivo provincial.<\/p>\n\n\n\n<p><strong>Los encargados de manejarla, a partir de ahora, ser\u00e1n los interventores Hern\u00e1n Knezovich y Mirta Morel.<\/strong><\/p>\n","protected":false},"excerpt":{"rendered":"<p>Este mi\u00e9rcoles por la ma\u00f1ana, el Gobierno provincial anunci\u00f3 que intervendr\u00e1 la Fundaci\u00f3n \u00abDoctor Andr\u00e9s Sa\u00fal Acu\u00f1a\u00bb, que era manejada por los dirigentes sociales detenidos por la desaparici\u00f3n de Cecilia Strzyzowski, Emerenciano Sena y Marcela Acu\u00f1a.\u00a0 Dicha organizaci\u00f3n, ubicada en Edison 1345, estaba a cargo del barrio Emerenciano, de la Escuela P\u00fablica de Gesti\u00f3n Social &hellip;<\/p>\n","protected":false},"author":2,"featured_media":77889,"comment_status":"open","ping_status":"open","sticky":false,"template":"","format":"standard","meta":{"_jetpack_memberships_contains_paid_content":false,"footnotes":"","jetpack_publicize_message":"","jetpack_publicize_feature_enabled":true,"jetpack_social_post_already_shared":true,"jetpack_social_options":{"image_generator_settings":{"template":"highway","default_image_id":0,"font":"","enabled":false},"version":2}},"categories":[50,37],"tags":[],"class_list":["post-77888","post","type-post","status-publish","format-standard","has-post-thumbnail","hentry","category-judiciales","category-resistencia"],"jetpack_publicize_connections":[],"jetpack_featured_media_url":"https:\/\/portalmovil.com.ar\/wp-content\/uploads\/2023\/06\/FB_IMG_1687399936701.jpg","jetpack_sharing_enabled":true,"amp_enabled":true,"_links":{"self":[{"href":"https:\/\/portalmovil.com.ar\/index.php\/wp-json\/wp\/v2\/posts\/77888","targetHints":{"allow":["GET"]}}],"collection":[{"href":"https:\/\/portalmovil.com.ar\/index.php\/wp-json\/wp\/v2\/posts"}],"about":[{"href":"https:\/\/portalmovil.com.ar\/index.php\/wp-json\/wp\/v2\/types\/post"}],"author":[{"embeddable":true,"href":"https:\/\/portalmovil.com.ar\/index.php\/wp-json\/wp\/v2\/users\/2"}],"replies":[{"embeddable":true,"href":"https:\/\/portalmovil.com.ar\/index.php\/wp-json\/wp\/v2\/comments?post=77888"}],"version-history":[{"count":1,"href":"https:\/\/portalmovil.com.ar\/index.php\/wp-json\/wp\/v2\/posts\/77888\/revisions"}],"predecessor-version":[{"id":77890,"href":"https:\/\/portalmovil.com.ar\/index.php\/wp-json\/wp\/v2\/posts\/77888\/revisions\/77890"}],"wp:featuredmedia":[{"embeddable":true,"href":"https:\/\/portalmovil.com.ar\/index.php\/wp-json\/wp\/v2\/media\/77889"}],"wp:attachment":[{"href":"https:\/\/portalmovil.com.ar\/index.php\/wp-json\/wp\/v2\/media?parent=77888"}],"wp:term":[{"taxonomy":"category","embeddable":true,"href":"https:\/\/portalmovil.com.ar\/index.php\/wp-json\/wp\/v2\/categories?post=77888"},{"taxonomy":"post_tag","embeddable":true,"href":"https:\/\/portalmovil.com.ar\/index.php\/wp-json\/wp\/v2\/tags?post=77888"}],"curies":[{"name":"wp","href":"https:\/\/api.w.org\/{rel}","templated":true}]}}