{"id":77846,"date":"2023-06-20T12:05:01","date_gmt":"2023-06-20T15:05:01","guid":{"rendered":"https:\/\/portalmovil.com.ar\/?p=77846"},"modified":"2023-06-20T12:05:05","modified_gmt":"2023-06-20T15:05:05","slug":"el-dia-de-la-bandera-hoy-la-patria-nos-necesita-a-todos-aseguro-capitanich","status":"publish","type":"post","link":"https:\/\/portalmovil.com.ar\/index.php\/2023\/06\/20\/el-dia-de-la-bandera-hoy-la-patria-nos-necesita-a-todos-aseguro-capitanich\/","title":{"rendered":"El D\u00eda de la Bandera: \u201cHoy la Patria nos necesita a todos\u201d, asegur\u00f3 Capitanich"},"content":{"rendered":"\n<p>Este martes 20 de junio se conmemora en todo el pa\u00eds un nuevo D\u00eda de la Bandera en recuerdo al aniversario de fallecimiento de su creador, Manuel Belgrano, por lo cual, el gobernador Jorge Capitanich encabez\u00f3 en la localidad de Ciervo Petiso el acto central acompa\u00f1ado de un grupo de alumnos de 4\u00b0 grado que extendieron su promesa al s\u00edmbolo patrio.<\/p>\n\n\n\n<p>En su discurso, el gobernador destac\u00f3 que Manuel Belgrano tuvo \u201cun rol muy importante en nuestra Patria\u201d, y se\u00f1al\u00f3 que este \u201ccamin\u00f3 las tierras del Norte Grande.&nbsp;<strong>Hay una relaci\u00f3n directa entre \u00e9l, el norte del pa\u00eds y el esp\u00edritu independentista y revolucionario<\/strong>\u201d.<\/p>\n\n\n\n<p>\u201cCada s\u00edmbolo nos representa, por eso siempre es necesario remarcar que la bandera nos cobija, nos protege como Naci\u00f3n, simboliza el sentimiento de arraigo a nuestro pueblo, nuestra tierra. Somos lo que la Patria nos representa, como herencia del recuerdo de aquellos pr\u00f3ceres que dieron la vida por defender la tierra\u201d, indic\u00f3.&nbsp;<\/p>\n\n\n\n<p>Sobre esto, plante\u00f3 que \u201ccuando defendemos nuestros recursos o juramos lealtad a la bandera, defendemos los intereses de la Patria\u201d, y agreg\u00f3 que \u201choy la Patria nos necesita a todos, y tiene que ser justa, libre y soberana, no una corporativa al servicio de intereses minoritarios y olig\u00e1rquicos que pretenden defenestrar nuestros recursos\u201d. \u201cHoy m\u00e1s que nunca Patria o colonia, liberaci\u00f3n o dependencia, democracia vs corporaciones, libertad e independencia vs la imposici\u00f3n desde grupos concentrados. Y recordemos quien alguna vez suprimi\u00f3 de los billetes a nuestros pr\u00f3ceres por la flora y la fauna, eso significa atacar la identidad\u201d, sum\u00f3.<\/p>\n\n\n\n<p>Finalmente, explic\u00f3 que el hecho de trasladar el acto central a Ciervo Petiso responde a una mirada de \u201ccar\u00e1cter federal\u201d de la gesti\u00f3n, y se\u00f1al\u00f3 que \u201cquisimos hacer esto durante nuestros mandatos constitucionales, que los actos patrios sean en distintos pueblos y localidades para que toda la comunidad pueda sentirse part\u00edcipe\u201d. \u201cEsta localidad tambi\u00e9n nos recibir\u00e1 para su aniversario el 1 de septiembre con una escuela reparada, con la iglesia renovada y la nueva ruta\u201d, cerr\u00f3.<\/p>\n","protected":false},"excerpt":{"rendered":"<p>Este martes 20 de junio se conmemora en todo el pa\u00eds un nuevo D\u00eda de la Bandera en recuerdo al aniversario de fallecimiento de su creador, Manuel Belgrano, por lo cual, el gobernador Jorge Capitanich encabez\u00f3 en la localidad de Ciervo Petiso el acto central acompa\u00f1ado de un grupo de alumnos de 4\u00b0 grado que &hellip;<\/p>\n","protected":false},"author":2,"featured_media":77847,"comment_status":"open","ping_status":"open","sticky":false,"template":"","format":"standard","meta":{"_jetpack_memberships_contains_paid_content":false,"footnotes":"","jetpack_publicize_message":"","jetpack_publicize_feature_enabled":true,"jetpack_social_post_already_shared":true,"jetpack_social_options":{"image_generator_settings":{"template":"highway","default_image_id":0,"font":"","enabled":false},"version":2}},"categories":[5,14,12],"tags":[],"class_list":["post-77846","post","type-post","status-publish","format-standard","has-post-thumbnail","hentry","category-chaco","category-politica","category-ultimo"],"jetpack_publicize_connections":[],"jetpack_featured_media_url":"https:\/\/portalmovil.com.ar\/wp-content\/uploads\/2023\/06\/354606372_831319085016030_2688138152376917267_n.jpg","jetpack_sharing_enabled":true,"amp_enabled":true,"_links":{"self":[{"href":"https:\/\/portalmovil.com.ar\/index.php\/wp-json\/wp\/v2\/posts\/77846","targetHints":{"allow":["GET"]}}],"collection":[{"href":"https:\/\/portalmovil.com.ar\/index.php\/wp-json\/wp\/v2\/posts"}],"about":[{"href":"https:\/\/portalmovil.com.ar\/index.php\/wp-json\/wp\/v2\/types\/post"}],"author":[{"embeddable":true,"href":"https:\/\/portalmovil.com.ar\/index.php\/wp-json\/wp\/v2\/users\/2"}],"replies":[{"embeddable":true,"href":"https:\/\/portalmovil.com.ar\/index.php\/wp-json\/wp\/v2\/comments?post=77846"}],"version-history":[{"count":1,"href":"https:\/\/portalmovil.com.ar\/index.php\/wp-json\/wp\/v2\/posts\/77846\/revisions"}],"predecessor-version":[{"id":77848,"href":"https:\/\/portalmovil.com.ar\/index.php\/wp-json\/wp\/v2\/posts\/77846\/revisions\/77848"}],"wp:featuredmedia":[{"embeddable":true,"href":"https:\/\/portalmovil.com.ar\/index.php\/wp-json\/wp\/v2\/media\/77847"}],"wp:attachment":[{"href":"https:\/\/portalmovil.com.ar\/index.php\/wp-json\/wp\/v2\/media?parent=77846"}],"wp:term":[{"taxonomy":"category","embeddable":true,"href":"https:\/\/portalmovil.com.ar\/index.php\/wp-json\/wp\/v2\/categories?post=77846"},{"taxonomy":"post_tag","embeddable":true,"href":"https:\/\/portalmovil.com.ar\/index.php\/wp-json\/wp\/v2\/tags?post=77846"}],"curies":[{"name":"wp","href":"https:\/\/api.w.org\/{rel}","templated":true}]}}