{"id":77812,"date":"2023-06-19T11:10:59","date_gmt":"2023-06-19T14:10:59","guid":{"rendered":"https:\/\/portalmovil.com.ar\/?p=77812"},"modified":"2023-06-19T11:11:02","modified_gmt":"2023-06-19T14:11:02","slug":"la-uta-amenaza-con-un-paro-de-48-horas","status":"publish","type":"post","link":"https:\/\/portalmovil.com.ar\/index.php\/2023\/06\/19\/la-uta-amenaza-con-un-paro-de-48-horas\/","title":{"rendered":"La UTA amenaza con un paro de 48 horas"},"content":{"rendered":"\n<p><strong>La Uni\u00f3n Tranviaria Automotor (UTA) anunci\u00f3 que podr\u00eda efectuar un paro de colectivos de corta y mediana distancia para el interior del pa\u00eds, para el fin de esta semana, en el marco de un reclamo salarial que busca un aumento escalonado que incluya un salario de $348.800 en julio, $380.192 en agosto y una remuneraci\u00f3n b\u00e1sica de $414.409 en septiembre.<\/strong>&nbsp;<\/p>\n\n\n\n<p>Adem\u00e1s, desde el sindicato reclaman, en los mismos plazos, un aumento en los vi\u00e1ticos para los choferes:&nbsp;<strong>$1.997 en julio, $2.176 en agosto y $2.372 al noveno mes del a\u00f1o.<\/strong><\/p>\n\n\n\n<p>Si bien no se aclararon cu\u00e1les ser\u00edan las l\u00edneas afectadas,&nbsp;<strong>la UTA ya dispuso un eventual paro de 48 horas, estipulado para el jueves 22 y el viernes 23, en caso de no llegar a un acuerdo por el salario de sus trabajadores.<\/strong><\/p>\n\n\n\n<h3 class=\"wp-block-heading\"><strong>EL COMUNICADO DE LA UTA<\/strong><\/h3>\n\n\n\n<p>A trav\u00e9s de un comunicado oficial, la Uni\u00f3n Tranviaria Automotor anticip\u00f3 las medidas de fuerza para la pr\u00f3xima semana: \u00abNo vamos a observar paralizados la de menos realizaci\u00f3n de servicios y la precarizaci\u00f3n de las condiciones laborales que pretenden imponernos, ni la reducci\u00f3n de las fuentes de trabajo, ni perder en condiciones de trabajo y mucho menos permitir que se nos imponga la reducci\u00f3n de sueldos por la demora en acordar en una econom\u00eda altamente inflacionaria como la que atravesamos\u00bb.<\/p>\n\n\n\n<p>\u00abLas autoridades hacen caso omiso a sus obligaciones en materia de transporte sin tener presente el perjuicio que causan a los nueve millones de pasajeros que trasladamos diariamente por la falta de servicios, ignorando el riesgo que generan para las treinta y cinco mil fuentes de trabajo y los salarios que son el sost\u00e9n de nuestras familias\u00bb, agregaron.<\/p>\n\n\n\n<p><strong>En este marco, se espera una \u00faltima audiencia para este mi\u00e9rcoles, a las 16, en donde se buscar\u00e1 destrabar el conflicto e impedir la medida de fuerza que podr\u00eda afectar a los pasajeros.<\/strong><\/p>\n","protected":false},"excerpt":{"rendered":"<p>La Uni\u00f3n Tranviaria Automotor (UTA) anunci\u00f3 que podr\u00eda efectuar un paro de colectivos de corta y mediana distancia para el interior del pa\u00eds, para el fin de esta semana, en el marco de un reclamo salarial que busca un aumento escalonado que incluya un salario de $348.800 en julio, $380.192 en agosto y una remuneraci\u00f3n &hellip;<\/p>\n","protected":false},"author":2,"featured_media":66410,"comment_status":"open","ping_status":"open","sticky":false,"template":"","format":"standard","meta":{"_jetpack_memberships_contains_paid_content":false,"footnotes":"","jetpack_publicize_message":"","jetpack_publicize_feature_enabled":true,"jetpack_social_post_already_shared":true,"jetpack_social_options":{"image_generator_settings":{"template":"highway","default_image_id":0,"font":"","enabled":false},"version":2}},"categories":[28,639],"tags":[],"class_list":["post-77812","post","type-post","status-publish","format-standard","has-post-thumbnail","hentry","category-actualidad","category-argentina"],"jetpack_publicize_connections":[],"jetpack_featured_media_url":"https:\/\/portalmovil.com.ar\/wp-content\/uploads\/2022\/11\/314714699_704714401005164_9043445376715078071_n.jpg","jetpack_sharing_enabled":true,"amp_enabled":true,"_links":{"self":[{"href":"https:\/\/portalmovil.com.ar\/index.php\/wp-json\/wp\/v2\/posts\/77812","targetHints":{"allow":["GET"]}}],"collection":[{"href":"https:\/\/portalmovil.com.ar\/index.php\/wp-json\/wp\/v2\/posts"}],"about":[{"href":"https:\/\/portalmovil.com.ar\/index.php\/wp-json\/wp\/v2\/types\/post"}],"author":[{"embeddable":true,"href":"https:\/\/portalmovil.com.ar\/index.php\/wp-json\/wp\/v2\/users\/2"}],"replies":[{"embeddable":true,"href":"https:\/\/portalmovil.com.ar\/index.php\/wp-json\/wp\/v2\/comments?post=77812"}],"version-history":[{"count":1,"href":"https:\/\/portalmovil.com.ar\/index.php\/wp-json\/wp\/v2\/posts\/77812\/revisions"}],"predecessor-version":[{"id":77813,"href":"https:\/\/portalmovil.com.ar\/index.php\/wp-json\/wp\/v2\/posts\/77812\/revisions\/77813"}],"wp:featuredmedia":[{"embeddable":true,"href":"https:\/\/portalmovil.com.ar\/index.php\/wp-json\/wp\/v2\/media\/66410"}],"wp:attachment":[{"href":"https:\/\/portalmovil.com.ar\/index.php\/wp-json\/wp\/v2\/media?parent=77812"}],"wp:term":[{"taxonomy":"category","embeddable":true,"href":"https:\/\/portalmovil.com.ar\/index.php\/wp-json\/wp\/v2\/categories?post=77812"},{"taxonomy":"post_tag","embeddable":true,"href":"https:\/\/portalmovil.com.ar\/index.php\/wp-json\/wp\/v2\/tags?post=77812"}],"curies":[{"name":"wp","href":"https:\/\/api.w.org\/{rel}","templated":true}]}}