{"id":77809,"date":"2023-06-19T10:06:59","date_gmt":"2023-06-19T13:06:59","guid":{"rendered":"https:\/\/portalmovil.com.ar\/?p=77809"},"modified":"2023-06-19T10:07:02","modified_gmt":"2023-06-19T13:07:02","slug":"los-restos-quemados-de-una-valija-y-ropa-que-podrian-ser-de-cecilia-seran-peritados-en-el-imcif","status":"publish","type":"post","link":"https:\/\/portalmovil.com.ar\/index.php\/2023\/06\/19\/los-restos-quemados-de-una-valija-y-ropa-que-podrian-ser-de-cecilia-seran-peritados-en-el-imcif\/","title":{"rendered":"Los restos quemados de una valija y ropa que podr\u00edan ser de Cecilia,  ser\u00e1n peritados en el IMCIF"},"content":{"rendered":"\n<p>Los restos quemados de una valija y de ropa que presuntamente pudieron haber pertenecido a Cecilia Strzyzowski, la joven desaparecida desde el 1 de junio en la ciudad de Resistencia, ser\u00e1n peritados en el Instituto de Medicina y Ciencias Forenses (IMCiF) con el objetivo de determinar si efectivamente corresponden a ella y, en ese caso, exhibirlos a la familia, informaron hoy fuentes judiciales.<\/p>\n\n\n\n<p><br>En tanto, Gloria Romero, madre de la joven, convoc\u00f3 para hoy a las 16.30 a una \u00abceremonia para recordar a Cecilia, para que la genta la conozca\u00bb, en la plaza 25 de Mayo de la capital provincial, donde habr\u00e1 un acto con \u00abmuchos artistas\u00bb.<\/p>\n\n\n\n<p><br>El Equipo Fiscal Especial dispuso que los restos de una valija, prendas de vestir (posiblemente una campera o buzo de color rosa) y una llave, entre otros elementos, sean sometidos a pericias en la sede del (IMCiF) ubicada en ruta nacional 11, kil\u00f3metro 1008 de la ciudad de Resistencia.<\/p>\n\n\n\n<p><br>As\u00ed lo decidieron los fiscales Jorge C\u00e1ceres Olivera, Jorge G\u00f3mez y Nelia Vel\u00e1quez.<\/p>\n\n\n\n<p><br>El hallazgo ocurri\u00f3 ayer antes del mediod\u00eda tras un aviso al 911 por la presencia de restos quemados en el barrio Emerenciano, construido por el movimiento de Emerenciano Sena y Marcela Acu\u00f1a, ambos imputados junto a su hijo, C\u00e9sar Sena, y otras cuatro personas por la desaparici\u00f3n de Cecilia.<\/p>\n","protected":false},"excerpt":{"rendered":"<p>Los restos quemados de una valija y de ropa que presuntamente pudieron haber pertenecido a Cecilia Strzyzowski, la joven desaparecida desde el 1 de junio en la ciudad de Resistencia, ser\u00e1n peritados en el Instituto de Medicina y Ciencias Forenses (IMCiF) con el objetivo de determinar si efectivamente corresponden a ella y, en ese caso, &hellip;<\/p>\n","protected":false},"author":2,"featured_media":77810,"comment_status":"open","ping_status":"open","sticky":false,"template":"","format":"standard","meta":{"_jetpack_memberships_contains_paid_content":false,"footnotes":"","jetpack_publicize_message":"","jetpack_publicize_feature_enabled":true,"jetpack_social_post_already_shared":true,"jetpack_social_options":{"image_generator_settings":{"template":"highway","default_image_id":0,"font":"","enabled":false},"version":2}},"categories":[5,50],"tags":[],"class_list":["post-77809","post","type-post","status-publish","format-standard","has-post-thumbnail","hentry","category-chaco","category-judiciales"],"jetpack_publicize_connections":[],"jetpack_featured_media_url":"https:\/\/portalmovil.com.ar\/wp-content\/uploads\/2023\/06\/323922w440h274c.jpg.webp","jetpack_sharing_enabled":true,"amp_enabled":true,"_links":{"self":[{"href":"https:\/\/portalmovil.com.ar\/index.php\/wp-json\/wp\/v2\/posts\/77809","targetHints":{"allow":["GET"]}}],"collection":[{"href":"https:\/\/portalmovil.com.ar\/index.php\/wp-json\/wp\/v2\/posts"}],"about":[{"href":"https:\/\/portalmovil.com.ar\/index.php\/wp-json\/wp\/v2\/types\/post"}],"author":[{"embeddable":true,"href":"https:\/\/portalmovil.com.ar\/index.php\/wp-json\/wp\/v2\/users\/2"}],"replies":[{"embeddable":true,"href":"https:\/\/portalmovil.com.ar\/index.php\/wp-json\/wp\/v2\/comments?post=77809"}],"version-history":[{"count":1,"href":"https:\/\/portalmovil.com.ar\/index.php\/wp-json\/wp\/v2\/posts\/77809\/revisions"}],"predecessor-version":[{"id":77811,"href":"https:\/\/portalmovil.com.ar\/index.php\/wp-json\/wp\/v2\/posts\/77809\/revisions\/77811"}],"wp:featuredmedia":[{"embeddable":true,"href":"https:\/\/portalmovil.com.ar\/index.php\/wp-json\/wp\/v2\/media\/77810"}],"wp:attachment":[{"href":"https:\/\/portalmovil.com.ar\/index.php\/wp-json\/wp\/v2\/media?parent=77809"}],"wp:term":[{"taxonomy":"category","embeddable":true,"href":"https:\/\/portalmovil.com.ar\/index.php\/wp-json\/wp\/v2\/categories?post=77809"},{"taxonomy":"post_tag","embeddable":true,"href":"https:\/\/portalmovil.com.ar\/index.php\/wp-json\/wp\/v2\/tags?post=77809"}],"curies":[{"name":"wp","href":"https:\/\/api.w.org\/{rel}","templated":true}]}}