{"id":77705,"date":"2023-06-15T10:41:16","date_gmt":"2023-06-15T13:41:16","guid":{"rendered":"https:\/\/portalmovil.com.ar\/?p=77705"},"modified":"2023-06-15T10:41:19","modified_gmt":"2023-06-15T13:41:19","slug":"el-domingo-los-chaquenos-van-a-demostrar-que-quieren-terminar-con-las-mafias-de-capitanich","status":"publish","type":"post","link":"https:\/\/portalmovil.com.ar\/index.php\/2023\/06\/15\/el-domingo-los-chaquenos-van-a-demostrar-que-quieren-terminar-con-las-mafias-de-capitanich\/","title":{"rendered":"\u00abEl domingo, los chaque\u00f1os van a demostrar que quieren terminar con las mafias de Capitanich\u00bb"},"content":{"rendered":"\n<p>El precandidato a gobernador del Chaco por Juntos por el Cambio Juan Carlos Polini afirm\u00f3 este mi\u00e9rcoles que en las elecciones de este domingo, \u00ablos chaque\u00f1os van a demostrar que quieren terminar con las mafias de Capitanich\u00bb, al referirse al caso por el femicidio de Cecilia Strzyzowski.<\/p>\n\n\n\n<p>Fue durante una entrevsita con el canal La Naci\u00f3n+, donde fue consultado sobre el caso de la joven que lleva 13 d\u00edas desaparecida, y que estremece a toda la provincia.<\/p>\n\n\n\n<p>En ese marco, Polini sostuvo que la organizaci\u00f3n encabezada por Emerenciano Sena, uno de los siete detenidos por el caso, \u00abcreci\u00f3 y se fortaleci\u00f3 impunemente gracias a los aportes que llev\u00f3 adelante durante estos \u00faltimos 16 a\u00f1os el gobierno de Jorge Capitanich\u00bb.<\/p>\n\n\n\n<p>\u00abHace tiempo que en Chaco hay una Milagros Sala y hoy, lamentablemente, por lo que pas\u00f3 con Cecilia lo est\u00e1 viendo todo el pa\u00eds\u00bb, afirm\u00f3.<\/p>\n\n\n\n<p>Asimismo, al ser consultado sobre el accionar de la Justicia, el precandidato se\u00f1al\u00f3 que la misma \u00abdebe castigar a los responsables de lo que le pas\u00f3 a Cecilia\u00bb, y agreg\u00f3: \u00abCreo que el poder judicial actuar\u00e1 de manera independiente\u00bb.<\/p>\n\n\n\n<p><strong>\u00abEn tanto, no tengo dudas que los chaque\u00f1os, con la democracia, vamos a castigar el domingo a un gobernador c\u00f3mplice de las mafias que hace a\u00f1os tienen aterrorizada a gran parte de la provincia\u00bb, afirm\u00f3.<\/strong><\/p>\n\n\n\n<p>Por \u00faltimo, al ser consultado sobre las implicancias del caso de cara a las elecciones del domingo, el precandidato a gobernador no dud\u00f3 en afirmar que \u00abhace mucho que los chaque\u00f1os quieren terminar con estas mafias, hay que parar de una buena vez el accionar de esta gente tan pesada y que tanto da\u00f1o hace\u00bb.&nbsp;<\/p>\n","protected":false},"excerpt":{"rendered":"<p>El precandidato a gobernador del Chaco por Juntos por el Cambio Juan Carlos Polini afirm\u00f3 este mi\u00e9rcoles que en las elecciones de este domingo, \u00ablos chaque\u00f1os van a demostrar que quieren terminar con las mafias de Capitanich\u00bb, al referirse al caso por el femicidio de Cecilia Strzyzowski. Fue durante una entrevsita con el canal La &hellip;<\/p>\n","protected":false},"author":2,"featured_media":77706,"comment_status":"open","ping_status":"open","sticky":false,"template":"","format":"standard","meta":{"_jetpack_memberships_contains_paid_content":false,"footnotes":"","jetpack_publicize_message":"","jetpack_publicize_feature_enabled":true,"jetpack_social_post_already_shared":true,"jetpack_social_options":{"image_generator_settings":{"template":"highway","default_image_id":0,"font":"","enabled":false},"version":2}},"categories":[5,14],"tags":[],"class_list":["post-77705","post","type-post","status-publish","format-standard","has-post-thumbnail","hentry","category-chaco","category-politica"],"jetpack_publicize_connections":[],"jetpack_featured_media_url":"https:\/\/portalmovil.com.ar\/wp-content\/uploads\/2023\/06\/polini-veirave.jpg","jetpack_sharing_enabled":true,"amp_enabled":true,"_links":{"self":[{"href":"https:\/\/portalmovil.com.ar\/index.php\/wp-json\/wp\/v2\/posts\/77705","targetHints":{"allow":["GET"]}}],"collection":[{"href":"https:\/\/portalmovil.com.ar\/index.php\/wp-json\/wp\/v2\/posts"}],"about":[{"href":"https:\/\/portalmovil.com.ar\/index.php\/wp-json\/wp\/v2\/types\/post"}],"author":[{"embeddable":true,"href":"https:\/\/portalmovil.com.ar\/index.php\/wp-json\/wp\/v2\/users\/2"}],"replies":[{"embeddable":true,"href":"https:\/\/portalmovil.com.ar\/index.php\/wp-json\/wp\/v2\/comments?post=77705"}],"version-history":[{"count":1,"href":"https:\/\/portalmovil.com.ar\/index.php\/wp-json\/wp\/v2\/posts\/77705\/revisions"}],"predecessor-version":[{"id":77707,"href":"https:\/\/portalmovil.com.ar\/index.php\/wp-json\/wp\/v2\/posts\/77705\/revisions\/77707"}],"wp:featuredmedia":[{"embeddable":true,"href":"https:\/\/portalmovil.com.ar\/index.php\/wp-json\/wp\/v2\/media\/77706"}],"wp:attachment":[{"href":"https:\/\/portalmovil.com.ar\/index.php\/wp-json\/wp\/v2\/media?parent=77705"}],"wp:term":[{"taxonomy":"category","embeddable":true,"href":"https:\/\/portalmovil.com.ar\/index.php\/wp-json\/wp\/v2\/categories?post=77705"},{"taxonomy":"post_tag","embeddable":true,"href":"https:\/\/portalmovil.com.ar\/index.php\/wp-json\/wp\/v2\/tags?post=77705"}],"curies":[{"name":"wp","href":"https:\/\/api.w.org\/{rel}","templated":true}]}}