{"id":77669,"date":"2023-06-14T17:41:09","date_gmt":"2023-06-14T20:41:09","guid":{"rendered":"https:\/\/portalmovil.com.ar\/?p=77669"},"modified":"2023-06-14T17:41:12","modified_gmt":"2023-06-14T20:41:12","slug":"juan-carlos-polini-participo-de-un-almuerzo-con-militantes-y-ciudadanos-en-pampa-del-infierno","status":"publish","type":"post","link":"https:\/\/portalmovil.com.ar\/index.php\/2023\/06\/14\/juan-carlos-polini-participo-de-un-almuerzo-con-militantes-y-ciudadanos-en-pampa-del-infierno\/","title":{"rendered":"Juan Carlos Polini particip\u00f3 de un almuerzo con militantes y ciudadanos en Pampa del Infierno"},"content":{"rendered":"\n<p>El precandidato a gobernador de Juntos por el Cambio,&nbsp;<strong>Juan Carlos Polini, comparti\u00f3 en la jornada de ayer un almuerzo con militantes y ciudadanos de Pampa del Infierno,<\/strong>&nbsp;en el marco de una actividad llevada a cabo junto a la intendente Glenda Seifert.&nbsp;<\/p>\n\n\n\n<p>Fueron m\u00e1s de dos mil las personas que se acercaron para compartir el acto respaldando a Polini de cara a las elecciones PASO del pr\u00f3ximo domingo. \u00abQuiero agradecer profundamente a todos los habitantes de esta querida localidad por querer ser parte del cambio para la provincia\u00bb, dijo el productor.<\/p>\n\n\n\n<p>En esta misma l\u00ednea, tuvo palabras de gratitud para con&nbsp;<strong>la jefa comunal, quien buscar\u00e1 su reelecci\u00f3n. \u00abGlenda viene desarrollando un gran trabajo en Pampa del Infierno<\/strong>, es por ello que cuando asumamos vamos a acompa\u00f1arla para profundizar las transformaciones\u00bb, agreg\u00f3.<\/p>\n\n\n\n<p>Adem\u00e1s, destac\u00f3 que \u00ablos chaque\u00f1os entendieron que para transformar la provincia se necesita de orden y trabajo, que es lo que nosotros venimos proponiendo. Tenemos un equipo de gobierno y generamos las pol\u00edticas necesarias para sacar al Chaco de la pobreza en la que se encuentra\u00bb, cerr\u00f3.<\/p>\n\n\n\n<p>Del acto participaron tambi\u00e9n el diputado provincial Livio Guti\u00e9rrez, el doctor \u00c1ngel Rozas, y referentes de la regi\u00f3n.<\/p>\n","protected":false},"excerpt":{"rendered":"<p>El precandidato a gobernador de Juntos por el Cambio,&nbsp;Juan Carlos Polini, comparti\u00f3 en la jornada de ayer un almuerzo con militantes y ciudadanos de Pampa del Infierno,&nbsp;en el marco de una actividad llevada a cabo junto a la intendente Glenda Seifert.&nbsp; Fueron m\u00e1s de dos mil las personas que se acercaron para compartir el acto &hellip;<\/p>\n","protected":false},"author":2,"featured_media":77670,"comment_status":"open","ping_status":"open","sticky":false,"template":"","format":"standard","meta":{"_jetpack_memberships_contains_paid_content":false,"footnotes":"","jetpack_publicize_message":"","jetpack_publicize_feature_enabled":true,"jetpack_social_post_already_shared":true,"jetpack_social_options":{"image_generator_settings":{"template":"highway","default_image_id":0,"font":"","enabled":false},"version":2}},"categories":[5,14],"tags":[],"class_list":["post-77669","post","type-post","status-publish","format-standard","has-post-thumbnail","hentry","category-chaco","category-politica"],"jetpack_publicize_connections":[],"jetpack_featured_media_url":"https:\/\/portalmovil.com.ar\/wp-content\/uploads\/2023\/06\/577552w850h566c.jpg.webp","jetpack_sharing_enabled":true,"amp_enabled":true,"_links":{"self":[{"href":"https:\/\/portalmovil.com.ar\/index.php\/wp-json\/wp\/v2\/posts\/77669","targetHints":{"allow":["GET"]}}],"collection":[{"href":"https:\/\/portalmovil.com.ar\/index.php\/wp-json\/wp\/v2\/posts"}],"about":[{"href":"https:\/\/portalmovil.com.ar\/index.php\/wp-json\/wp\/v2\/types\/post"}],"author":[{"embeddable":true,"href":"https:\/\/portalmovil.com.ar\/index.php\/wp-json\/wp\/v2\/users\/2"}],"replies":[{"embeddable":true,"href":"https:\/\/portalmovil.com.ar\/index.php\/wp-json\/wp\/v2\/comments?post=77669"}],"version-history":[{"count":1,"href":"https:\/\/portalmovil.com.ar\/index.php\/wp-json\/wp\/v2\/posts\/77669\/revisions"}],"predecessor-version":[{"id":77671,"href":"https:\/\/portalmovil.com.ar\/index.php\/wp-json\/wp\/v2\/posts\/77669\/revisions\/77671"}],"wp:featuredmedia":[{"embeddable":true,"href":"https:\/\/portalmovil.com.ar\/index.php\/wp-json\/wp\/v2\/media\/77670"}],"wp:attachment":[{"href":"https:\/\/portalmovil.com.ar\/index.php\/wp-json\/wp\/v2\/media?parent=77669"}],"wp:term":[{"taxonomy":"category","embeddable":true,"href":"https:\/\/portalmovil.com.ar\/index.php\/wp-json\/wp\/v2\/categories?post=77669"},{"taxonomy":"post_tag","embeddable":true,"href":"https:\/\/portalmovil.com.ar\/index.php\/wp-json\/wp\/v2\/tags?post=77669"}],"curies":[{"name":"wp","href":"https:\/\/api.w.org\/{rel}","templated":true}]}}