{"id":7762,"date":"2020-06-15T10:10:17","date_gmt":"2020-06-15T13:10:17","guid":{"rendered":"http:\/\/portalmovil.com.ar\/?p=7762"},"modified":"2020-06-15T10:10:20","modified_gmt":"2020-06-15T13:10:20","slug":"sager-hoy-nuestra-policia-esta-en-la-primera-linea-de-batalla-contra-la-pandemia","status":"publish","type":"post","link":"https:\/\/portalmovil.com.ar\/index.php\/2020\/06\/15\/sager-hoy-nuestra-policia-esta-en-la-primera-linea-de-batalla-contra-la-pandemia\/","title":{"rendered":"Sager: Hoy nuestra Polic\u00eda est\u00e1 en la primera l\u00ednea de batalla contra la pandemia"},"content":{"rendered":"\n<p>El presidente del Poder Legislativo salud\u00f3 a los y las integrantes \u201cde la gran familia policial\u201d al cumplirse el 67\u00ba aniversario de la creaci\u00f3n de la Escuela de Cadetes del Chaco. As\u00ed, reconoci\u00f3 \u201cel compromiso de suboficiales y oficiales con la comunidad, tanto en la prevenci\u00f3n del delito como en la mitigaci\u00f3n del coronavirus en cada rinc\u00f3n de la provincia\u201d.<\/p>\n\n\n\n<p>\u201cQueremos saludar a los miembros de la gran familia policial, en reconocimiento a la labor diaria que desempe\u00f1an con profesionalismo, con acciones de acompa\u00f1amiento a la comunidad, y fundamentalmente en la prevenci\u00f3n del delito\u201d, destac\u00f3 el titular del parlamento chaque\u00f1o, quien enalteci\u00f3 adem\u00e1s el trabajo de miles de efectivos en el contexto de pandemia de Covid-19.<\/p>\n\n\n\n<p>Sager record\u00f3 que \u201cun d\u00eda como hoy, en 1953, el gobernador Felipe Gallardo cre\u00f3 la Escuela de Cadetes de la Polic\u00eda del Chaco\u201d. \u201cPero pas\u00f3 mucha agua bajo el puente y, en 2012, en el marco del nuevo sistema provincial de seguridad p\u00fablica, pasamos a tener un Instituto de Educaci\u00f3n Superior de Formaci\u00f3n Policial y Seguridad P\u00fablica, instituci\u00f3n que hoy es responsable de preparar a los y las agentes, no s\u00f3lo para la prevenci\u00f3n del delito, sino profesionaliz\u00e1ndolos en el marco de la pandemia\u201d, indic\u00f3.<\/p>\n\n\n\n<p>En ese sentido, valor\u00f3 la creaci\u00f3n de espacios curriculares espec\u00edficos, incorporando simulacros de emergencias sanitarias. Asimismo, mencion\u00f3 los operativos de prevenci\u00f3n desde los cursos de formaci\u00f3n para oficiales subayudantes hasta los oficiales m\u00e1s experimentados.<\/p>\n\n\n\n<p>\u201cA veces no vemos el trabajo silencioso, desde los procesos educativos, democr\u00e1ticos y participativos hasta las tareas m\u00e1s complejas y peligrosas que llevan a cabo d\u00eda a d\u00eda nuestros polic\u00edas; es imperativo seguir corrigiendo lo que haga falta, y apuntalando a los buenos efectivos, que son miles\u201d, reflexion\u00f3 finalmente.<\/p>\n","protected":false},"excerpt":{"rendered":"<p>El presidente del Poder Legislativo salud\u00f3 a los y las integrantes \u201cde la gran familia policial\u201d al cumplirse el 67\u00ba aniversario de la creaci\u00f3n de la Escuela de Cadetes del Chaco. As\u00ed, reconoci\u00f3 \u201cel compromiso de suboficiales y oficiales con la comunidad, tanto en la prevenci\u00f3n del delito como en la mitigaci\u00f3n del coronavirus en &hellip;<\/p>\n","protected":false},"author":2,"featured_media":4789,"comment_status":"open","ping_status":"open","sticky":false,"template":"","format":"standard","meta":{"_jetpack_memberships_contains_paid_content":false,"footnotes":"","jetpack_publicize_message":"","jetpack_publicize_feature_enabled":true,"jetpack_social_post_already_shared":true,"jetpack_social_options":{"image_generator_settings":{"template":"highway","default_image_id":0,"font":"","enabled":false},"version":2}},"categories":[14,3],"tags":[],"class_list":["post-7762","post","type-post","status-publish","format-standard","has-post-thumbnail","hentry","category-politica","category-sociedad"],"jetpack_publicize_connections":[],"jetpack_featured_media_url":"https:\/\/portalmovil.com.ar\/wp-content\/uploads\/2020\/04\/90761195_616223752443000_133985877075427328_n.jpg","jetpack_sharing_enabled":true,"amp_enabled":true,"_links":{"self":[{"href":"https:\/\/portalmovil.com.ar\/index.php\/wp-json\/wp\/v2\/posts\/7762","targetHints":{"allow":["GET"]}}],"collection":[{"href":"https:\/\/portalmovil.com.ar\/index.php\/wp-json\/wp\/v2\/posts"}],"about":[{"href":"https:\/\/portalmovil.com.ar\/index.php\/wp-json\/wp\/v2\/types\/post"}],"author":[{"embeddable":true,"href":"https:\/\/portalmovil.com.ar\/index.php\/wp-json\/wp\/v2\/users\/2"}],"replies":[{"embeddable":true,"href":"https:\/\/portalmovil.com.ar\/index.php\/wp-json\/wp\/v2\/comments?post=7762"}],"version-history":[{"count":1,"href":"https:\/\/portalmovil.com.ar\/index.php\/wp-json\/wp\/v2\/posts\/7762\/revisions"}],"predecessor-version":[{"id":7763,"href":"https:\/\/portalmovil.com.ar\/index.php\/wp-json\/wp\/v2\/posts\/7762\/revisions\/7763"}],"wp:featuredmedia":[{"embeddable":true,"href":"https:\/\/portalmovil.com.ar\/index.php\/wp-json\/wp\/v2\/media\/4789"}],"wp:attachment":[{"href":"https:\/\/portalmovil.com.ar\/index.php\/wp-json\/wp\/v2\/media?parent=7762"}],"wp:term":[{"taxonomy":"category","embeddable":true,"href":"https:\/\/portalmovil.com.ar\/index.php\/wp-json\/wp\/v2\/categories?post=7762"},{"taxonomy":"post_tag","embeddable":true,"href":"https:\/\/portalmovil.com.ar\/index.php\/wp-json\/wp\/v2\/tags?post=7762"}],"curies":[{"name":"wp","href":"https:\/\/api.w.org\/{rel}","templated":true}]}}