{"id":77593,"date":"2023-06-12T20:37:04","date_gmt":"2023-06-12T23:37:04","guid":{"rendered":"https:\/\/portalmovil.com.ar\/?p=77593"},"modified":"2023-06-12T20:37:50","modified_gmt":"2023-06-12T23:37:50","slug":"desde-las-0-de-este-martes-no-habra-colectivos-urbanos-ni-de-media-distancia-en-todo-el-pais","status":"publish","type":"post","link":"https:\/\/portalmovil.com.ar\/index.php\/2023\/06\/12\/desde-las-0-de-este-martes-no-habra-colectivos-urbanos-ni-de-media-distancia-en-todo-el-pais\/","title":{"rendered":"Desde las 0 de este martes no habr\u00e1 colectivos urbanos ni de media distancia en todo el pa\u00eds"},"content":{"rendered":"\n<p>La medida, resuelta tras una nueva reuni\u00f3n con las c\u00e1maras empresariales, afectar\u00e1 al Gran Resistencia, donde no funcionar\u00e1n las l\u00edneas urbanas e interurbanas. En todo el pa\u00eds habr\u00e1 m\u00e1s de 19 millones de usuarios perjudicados entre el AMBA y el interior.<\/p>\n\n\n\n<p>La Uni\u00f3n Tranviarios Automotor (UTA) resolvi\u00f3 en la noche de este lunes un paro por 24 horas en el transporte p\u00fablico de corta y media distancia en todo el pa\u00eds, como consecuencia de la falta de acuerdo con las c\u00e1maras empresariales tras una reuni\u00f3n realizada en la fecha.<\/p>\n\n\n\n<p>El paro por 24 horas comenzar\u00e1 a las 0 de este martes 13 y afectar\u00e1 al transporte de corta y media distancia, es decir, a quienes prestan servicios urbanos e interurbanos.<\/p>\n\n\n\n<p>\u201cLas empresas niegan la posibilidad de un aumento salarial, tanto en el AMBA como en el interior del pa\u00eds\u201d, indic\u00f3 la UTA en un comunicado difundido esta noche.<\/p>\n","protected":false},"excerpt":{"rendered":"<p>La medida, resuelta tras una nueva reuni\u00f3n con las c\u00e1maras empresariales, afectar\u00e1 al Gran Resistencia, donde no funcionar\u00e1n las l\u00edneas urbanas e interurbanas. En todo el pa\u00eds habr\u00e1 m\u00e1s de 19 millones de usuarios perjudicados entre el AMBA y el interior. La Uni\u00f3n Tranviarios Automotor (UTA) resolvi\u00f3 en la noche de este lunes un paro &hellip;<\/p>\n","protected":false},"author":2,"featured_media":72316,"comment_status":"open","ping_status":"open","sticky":false,"template":"","format":"standard","meta":{"_jetpack_memberships_contains_paid_content":false,"footnotes":"","jetpack_publicize_message":"","jetpack_publicize_feature_enabled":true,"jetpack_social_post_already_shared":true,"jetpack_social_options":{"image_generator_settings":{"template":"highway","default_image_id":0,"font":"","enabled":false},"version":2}},"categories":[28],"tags":[],"class_list":["post-77593","post","type-post","status-publish","format-standard","has-post-thumbnail","hentry","category-actualidad"],"jetpack_publicize_connections":[],"jetpack_featured_media_url":"https:\/\/portalmovil.com.ar\/wp-content\/uploads\/2023\/02\/333220122_1403568103744796_8031702089456391319_n.jpg","jetpack_sharing_enabled":true,"amp_enabled":true,"_links":{"self":[{"href":"https:\/\/portalmovil.com.ar\/index.php\/wp-json\/wp\/v2\/posts\/77593","targetHints":{"allow":["GET"]}}],"collection":[{"href":"https:\/\/portalmovil.com.ar\/index.php\/wp-json\/wp\/v2\/posts"}],"about":[{"href":"https:\/\/portalmovil.com.ar\/index.php\/wp-json\/wp\/v2\/types\/post"}],"author":[{"embeddable":true,"href":"https:\/\/portalmovil.com.ar\/index.php\/wp-json\/wp\/v2\/users\/2"}],"replies":[{"embeddable":true,"href":"https:\/\/portalmovil.com.ar\/index.php\/wp-json\/wp\/v2\/comments?post=77593"}],"version-history":[{"count":1,"href":"https:\/\/portalmovil.com.ar\/index.php\/wp-json\/wp\/v2\/posts\/77593\/revisions"}],"predecessor-version":[{"id":77594,"href":"https:\/\/portalmovil.com.ar\/index.php\/wp-json\/wp\/v2\/posts\/77593\/revisions\/77594"}],"wp:featuredmedia":[{"embeddable":true,"href":"https:\/\/portalmovil.com.ar\/index.php\/wp-json\/wp\/v2\/media\/72316"}],"wp:attachment":[{"href":"https:\/\/portalmovil.com.ar\/index.php\/wp-json\/wp\/v2\/media?parent=77593"}],"wp:term":[{"taxonomy":"category","embeddable":true,"href":"https:\/\/portalmovil.com.ar\/index.php\/wp-json\/wp\/v2\/categories?post=77593"},{"taxonomy":"post_tag","embeddable":true,"href":"https:\/\/portalmovil.com.ar\/index.php\/wp-json\/wp\/v2\/tags?post=77593"}],"curies":[{"name":"wp","href":"https:\/\/api.w.org\/{rel}","templated":true}]}}