{"id":77538,"date":"2023-06-11T16:41:10","date_gmt":"2023-06-11T19:41:10","guid":{"rendered":"https:\/\/portalmovil.com.ar\/?p=77538"},"modified":"2023-06-11T16:41:14","modified_gmt":"2023-06-11T19:41:14","slug":"quedo-detenido-por-buscar-como-armar-una-bomba-casera-por-internet","status":"publish","type":"post","link":"https:\/\/portalmovil.com.ar\/index.php\/2023\/06\/11\/quedo-detenido-por-buscar-como-armar-una-bomba-casera-por-internet\/","title":{"rendered":"Qued\u00f3 detenido por buscar como armar una \u00abbomba casera\u00bb por internet"},"content":{"rendered":"\n<p>A\u00fan sin determinar si se trataba de una de las tantas&nbsp;<a href=\"https:\/\/www.ambito.com\/informacion-general\/detuvieron-dos-personas-explotar-una-bomba-casera-el-cementerio-la-recoleta-n4039513\" target=\"_blank\" rel=\"noreferrer noopener\">personas sin experiencia<\/a>&nbsp;que fabrican&nbsp;<strong>bombas caseras<\/strong>&nbsp;o si ten\u00eda v\u00ednculos con el&nbsp;<strong>Estado Isl\u00e1mico<\/strong>, efectivos de la&nbsp;<strong>Polic\u00eda Federal&nbsp;<\/strong>fueron informados por el&nbsp;<strong>FBI&nbsp;<\/strong>de la b\u00fasqueda en internet de un hombre de 54 a\u00f1os, quien viv\u00eda en la ciudad capital de&nbsp;<strong>Santiago del Estero<\/strong>. El detenido se neg\u00f3 a declarar.<\/p>\n\n\n\n<p>\u201c<strong>C\u00f3mo armar una bomba casera<\/strong>\u201d, escribi\u00f3 el detenido en su b\u00fasqueda digital, a fines de marzo. El hecho fue advertido por el\u00a0<strong>FBI<\/strong>, quien advirti\u00f3 al\u00a0<strong>Ministerio de Seguridad de la Naci\u00f3n<\/strong>, para que investigue las posibles vinculaciones del hombre con otros c\u00f3mplices o con redes del terrorismo internacional.<\/p>\n\n\n\n<p>Una vez informados de este hecho, el Ministerio radic\u00f3 la denuncia ante la&nbsp;<strong>Unidad Fiscal Especializada en Cibercrimen<\/strong>, dependiente de la&nbsp;<strong>Procuraci\u00f3n General de la Naci\u00f3n<\/strong>. De oficio, la causa qued\u00f3 en manos del magistrado&nbsp;<strong>Guillermo Molinari<\/strong>, del&nbsp;<strong>Juzgado<\/strong>&nbsp;<strong>Federal N\u00b01 de Santiago del Estero<\/strong>, quien orden\u00f3 un allanamiento en la vivienda desde donde se hab\u00eda detectado la b\u00fasqueda.<\/p>\n\n\n\n<p>El operativo se concret\u00f3 el mi\u00e9rcoles por la noche por parte de efectivos de una&nbsp;<strong>Unidad Anterrorista de la Polic\u00eda Federal.<\/strong>&nbsp;Si bien no se hall\u00f3 material explosivo,&nbsp;<strong>se secuestraron un celular y una tablet<\/strong>&nbsp;que habr\u00edan sido usadas para buscar la informaci\u00f3n en internet. La investigaci\u00f3n no se encuentra finalizada, ya que se sospecha que hab\u00eda otro hombre que recopilaba informaci\u00f3n en la web sobre el&nbsp;<strong>Estado Isl\u00e1mico&nbsp;<\/strong>y la fabricaci\u00f3n de&nbsp;<strong>bombas caseras<\/strong>.<\/p>\n\n\n\n<p>El hombre est\u00e1 sometido a una posible pena de reclusi\u00f3n o&nbsp;<strong>prisi\u00f3n de 5 a 15 a\u00f1os<\/strong>&nbsp;por infringir el&nbsp;<strong>art\u00edculo 189 bis<\/strong>&nbsp;del&nbsp;<strong>C\u00f3digo Penal,&nbsp;<\/strong>Ese art\u00edculo establece una pena de reclusi\u00f3n o&nbsp;<strong>prisi\u00f3n de 5 a 15 a\u00f1os<\/strong>&nbsp;para \u201cquien, con el fin de contribuir a la comisi\u00f3n de delitos contra la seguridad com\u00fan o causar da\u00f1os en las m\u00e1quinas o en la elaboraci\u00f3n de productos, adquiriere, fabricare, suministrare, sustrajere o tuviere en su poder bombas, materiales o aparatos capaces de liberar energ\u00eda nuclear, materiales radiactivos o sustancias nucleares, o sus desechos, is\u00f3topos radiactivos, materiales explosivos, inflamables, asfixiantes, t\u00f3xicos o biol\u00f3gicamente peligrosos, o sustancias o materiales destinados a su preparaci\u00f3n\u201d.<\/p>\n","protected":false},"excerpt":{"rendered":"<p>A\u00fan sin determinar si se trataba de una de las tantas&nbsp;personas sin experiencia&nbsp;que fabrican&nbsp;bombas caseras&nbsp;o si ten\u00eda v\u00ednculos con el&nbsp;Estado Isl\u00e1mico, efectivos de la&nbsp;Polic\u00eda Federal&nbsp;fueron informados por el&nbsp;FBI&nbsp;de la b\u00fasqueda en internet de un hombre de 54 a\u00f1os, quien viv\u00eda en la ciudad capital de&nbsp;Santiago del Estero. El detenido se neg\u00f3 a declarar. \u201cC\u00f3mo armar &hellip;<\/p>\n","protected":false},"author":2,"featured_media":77539,"comment_status":"open","ping_status":"open","sticky":false,"template":"","format":"standard","meta":{"_jetpack_memberships_contains_paid_content":false,"footnotes":"","jetpack_publicize_message":"","jetpack_publicize_feature_enabled":true,"jetpack_social_post_already_shared":true,"jetpack_social_options":{"image_generator_settings":{"template":"highway","default_image_id":0,"font":"","enabled":false},"version":2}},"categories":[639,8],"tags":[],"class_list":["post-77538","post","type-post","status-publish","format-standard","has-post-thumbnail","hentry","category-argentina","category-policiales"],"jetpack_publicize_connections":[],"jetpack_featured_media_url":"https:\/\/portalmovil.com.ar\/wp-content\/uploads\/2023\/06\/81d3b2b4-6ed2-4b28-9a9c-4522633e8fab.jpg","jetpack_sharing_enabled":true,"amp_enabled":true,"_links":{"self":[{"href":"https:\/\/portalmovil.com.ar\/index.php\/wp-json\/wp\/v2\/posts\/77538","targetHints":{"allow":["GET"]}}],"collection":[{"href":"https:\/\/portalmovil.com.ar\/index.php\/wp-json\/wp\/v2\/posts"}],"about":[{"href":"https:\/\/portalmovil.com.ar\/index.php\/wp-json\/wp\/v2\/types\/post"}],"author":[{"embeddable":true,"href":"https:\/\/portalmovil.com.ar\/index.php\/wp-json\/wp\/v2\/users\/2"}],"replies":[{"embeddable":true,"href":"https:\/\/portalmovil.com.ar\/index.php\/wp-json\/wp\/v2\/comments?post=77538"}],"version-history":[{"count":1,"href":"https:\/\/portalmovil.com.ar\/index.php\/wp-json\/wp\/v2\/posts\/77538\/revisions"}],"predecessor-version":[{"id":77540,"href":"https:\/\/portalmovil.com.ar\/index.php\/wp-json\/wp\/v2\/posts\/77538\/revisions\/77540"}],"wp:featuredmedia":[{"embeddable":true,"href":"https:\/\/portalmovil.com.ar\/index.php\/wp-json\/wp\/v2\/media\/77539"}],"wp:attachment":[{"href":"https:\/\/portalmovil.com.ar\/index.php\/wp-json\/wp\/v2\/media?parent=77538"}],"wp:term":[{"taxonomy":"category","embeddable":true,"href":"https:\/\/portalmovil.com.ar\/index.php\/wp-json\/wp\/v2\/categories?post=77538"},{"taxonomy":"post_tag","embeddable":true,"href":"https:\/\/portalmovil.com.ar\/index.php\/wp-json\/wp\/v2\/tags?post=77538"}],"curies":[{"name":"wp","href":"https:\/\/api.w.org\/{rel}","templated":true}]}}