{"id":77289,"date":"2023-06-05T09:17:00","date_gmt":"2023-06-05T12:17:00","guid":{"rendered":"https:\/\/portalmovil.com.ar\/?p=77289"},"modified":"2023-06-05T21:22:18","modified_gmt":"2023-06-06T00:22:18","slug":"capitanich-vaticino-un-contundente-triunfo-en-las-paso","status":"publish","type":"post","link":"https:\/\/portalmovil.com.ar\/index.php\/2023\/06\/05\/capitanich-vaticino-un-contundente-triunfo-en-las-paso\/","title":{"rendered":"Capitanich vaticin\u00f3 un contundente triunfo en las PASO"},"content":{"rendered":"\n<p>El gobernador y precandidato a la reelecci\u00f3n Jorge Capitanich protagoniz\u00f3 este lunes en Resistencia un nuevo y multitudinario acto de cierre de campa\u00f1a del Frente Chaque\u00f1o desde donde vaticin\u00f3 un contundente triunfo en las PASO del pr\u00f3ximo domingo 18.<\/p>\n\n\n\n<p>\u00abNo solo se trata de la continuidad de un gobierno, se trata de seguir transformando la Provincia y la capital\u00bb, asegur\u00f3 Capitanich.\u00bbVamos a seguir haciendo, vamos a seguir transformando el Chaco; salgamos a militar activamente casa por casa, barrio por barrio para reventar las urnas y ganar las elecciones\u00bb, areng\u00f3.<\/p>\n\n\n\n<p>El acto, tercero en la recta final de la campa\u00f1a del Frente Chaque\u00f1o, tuvo lugar en el club Barrio Parque Independencia en la zona sur de la capital provincial y cont\u00f3 con la presencia de la vicegobernadora Anal\u00eda Rach Quiroga; precandidatos a diputados provinciales; precandidatos a intendente; dirigentes partidarios; y un masivo acompa\u00f1amiento de vecinos.&nbsp;<\/p>\n\n\n\n<p>En su discurso, el mandatario realiz\u00f3 un pormenorizado repaso por distintos logros de sus gestiones al frente de la Provincia y tambi\u00e9n en su mandato como intendente de la ciudad. \u00abNunca en la historia del Chaco un gobierno hizo tanto como hicimos nosotros: r\u00e9cords en escuelas, en hospitales, en rutas, en producci\u00f3n, en pavimento urbano, en viviendas y soluciones habitacionales, en agua potable, en seguridad, en energ\u00eda el\u00e9ctrica, en urbanizaci\u00f3n\u00bb, enfatiz\u00f3.<\/p>\n\n\n\n<p>El mensaje del mandatario se centr\u00f3 en las propuestas m\u00e1s importantes del Plan Quinquenal 2023-2027 que el Frente Chaque\u00f1o tiene como plataforma para la provincia que se viene. \u00abMe comprometo con el Chaco a seguir trabajando incansablemente por conquistar lo que nos falta; a continuar uniendo al pueblo por los grandes objetivos\u00bb, remarc\u00f3.<\/p>\n\n\n\n<p>En otro tramo de su discurso, el gobernador apunt\u00f3 contra algunos candidatos de la oposici\u00f3n a los que calific\u00f3 de \u00abimprovisados que desconocen la calle, a la gente y sus problemas y realidades\u00bb. \u00abEl Chaco no puede ser un campo de experimento pol\u00edtico o un \u00e1mbito en que brille la improvisaci\u00f3n; el Chaco tiene que seguir adelante en base a un gobierno s\u00f3lido, con un liderazgo claro y definido con capacidad de acci\u00f3n como hemos demostrado sobradamente nosotros\u00bb, sostuvo.<\/p>\n\n\n\n<p>\u00abPor eso, este 18 de junio y el pr\u00f3ximo 17 de septiembre, la cosa se divide entre seguir haciendo m\u00e1s de lo que necesita la provincia o seguir hablando m\u00e1s de lo que nunca van a hacer\u00bb, remarc\u00f3 e insisti\u00f3 en la importancia del acompa\u00f1amiento popular en las urnas para \u00abla continuidad de un gobierno que siempre busca seguir cambiando, seguir transformando\u00bb.<\/p>\n\n\n\n<p>\u00abLos que hoy hablan y hablan y nos quieren correr con frases hechas son opositores de caf\u00e9 que nunca han gobernado nada: no conocen el territorio, no tienen calle, no conocen a la gente ni sus problemas. Y mucho menos tienen proyectos ni propuestas\u00bb, dispar\u00f3.<\/p>\n\n\n\n<h2 class=\"wp-block-heading\"><br><strong>Propuestas para Resistencia\u00a0<\/strong><\/h2>\n\n\n\n<p>El gobernador dedic\u00f3 una amplia porci\u00f3n de su mensaje a las propuestas del Frente Chaque\u00f1o para la capital provincial en el pr\u00f3ximo mandato de gobierno.\u00bbHemos hecho y hacemos un gran aporte para el crecimiento de Resistencia; por eso este a\u00f1o redoblamos el compromiso con las y los vecinos para retomar el sendero del desarrollo\u00bb, dijo.<\/p>\n\n\n\n<p>\u00abMe comprometo como gobernador a financiar un programa de 5 mil cuadras de pavimento urbano para los pr\u00f3ximos ocho a\u00f1os y a construir 2.500 en estos cuatro a\u00f1os que vienen\u00bb, adelant\u00f3. \u00abResistencia ser\u00e1 la capital del Norte Grande Argentino y tendr\u00e1 la mejor infraestructura de toda la regi\u00f3n; para eso y para mucho m\u00e1s, necesitamos el acompa\u00f1amiento de todos y cada uno de sus ciudadanos en las Primarias y en las generales\u00bb, acot\u00f3.<\/p>\n","protected":false},"excerpt":{"rendered":"<p>El gobernador y precandidato a la reelecci\u00f3n Jorge Capitanich protagoniz\u00f3 este lunes en Resistencia un nuevo y multitudinario acto de cierre de campa\u00f1a del Frente Chaque\u00f1o desde donde vaticin\u00f3 un contundente triunfo en las PASO del pr\u00f3ximo domingo 18. \u00abNo solo se trata de la continuidad de un gobierno, se trata de seguir transformando la &hellip;<\/p>\n","protected":false},"author":2,"featured_media":77290,"comment_status":"open","ping_status":"open","sticky":false,"template":"","format":"standard","meta":{"_jetpack_memberships_contains_paid_content":false,"footnotes":"","jetpack_publicize_message":"","jetpack_publicize_feature_enabled":true,"jetpack_social_post_already_shared":true,"jetpack_social_options":{"image_generator_settings":{"template":"highway","default_image_id":0,"font":"","enabled":false},"version":2}},"categories":[5,14,12],"tags":[],"class_list":["post-77289","post","type-post","status-publish","format-standard","has-post-thumbnail","hentry","category-chaco","category-politica","category-ultimo"],"jetpack_publicize_connections":[],"jetpack_featured_media_url":"https:\/\/portalmovil.com.ar\/wp-content\/uploads\/2023\/06\/352223999_278975607924107_5742627852303382941_n.jpg","jetpack_sharing_enabled":true,"amp_enabled":true,"_links":{"self":[{"href":"https:\/\/portalmovil.com.ar\/index.php\/wp-json\/wp\/v2\/posts\/77289","targetHints":{"allow":["GET"]}}],"collection":[{"href":"https:\/\/portalmovil.com.ar\/index.php\/wp-json\/wp\/v2\/posts"}],"about":[{"href":"https:\/\/portalmovil.com.ar\/index.php\/wp-json\/wp\/v2\/types\/post"}],"author":[{"embeddable":true,"href":"https:\/\/portalmovil.com.ar\/index.php\/wp-json\/wp\/v2\/users\/2"}],"replies":[{"embeddable":true,"href":"https:\/\/portalmovil.com.ar\/index.php\/wp-json\/wp\/v2\/comments?post=77289"}],"version-history":[{"count":1,"href":"https:\/\/portalmovil.com.ar\/index.php\/wp-json\/wp\/v2\/posts\/77289\/revisions"}],"predecessor-version":[{"id":77291,"href":"https:\/\/portalmovil.com.ar\/index.php\/wp-json\/wp\/v2\/posts\/77289\/revisions\/77291"}],"wp:featuredmedia":[{"embeddable":true,"href":"https:\/\/portalmovil.com.ar\/index.php\/wp-json\/wp\/v2\/media\/77290"}],"wp:attachment":[{"href":"https:\/\/portalmovil.com.ar\/index.php\/wp-json\/wp\/v2\/media?parent=77289"}],"wp:term":[{"taxonomy":"category","embeddable":true,"href":"https:\/\/portalmovil.com.ar\/index.php\/wp-json\/wp\/v2\/categories?post=77289"},{"taxonomy":"post_tag","embeddable":true,"href":"https:\/\/portalmovil.com.ar\/index.php\/wp-json\/wp\/v2\/tags?post=77289"}],"curies":[{"name":"wp","href":"https:\/\/api.w.org\/{rel}","templated":true}]}}