{"id":77287,"date":"2023-06-05T21:09:30","date_gmt":"2023-06-06T00:09:30","guid":{"rendered":"https:\/\/portalmovil.com.ar\/?p=77287"},"modified":"2023-06-05T21:09:34","modified_gmt":"2023-06-06T00:09:34","slug":"piden-que-el-crimen-de-la-periodista-sea-juzgado-como-un-femicidio","status":"publish","type":"post","link":"https:\/\/portalmovil.com.ar\/index.php\/2023\/06\/05\/piden-que-el-crimen-de-la-periodista-sea-juzgado-como-un-femicidio\/","title":{"rendered":"Piden que el crimen de la periodista sea juzgado como un femicidio"},"content":{"rendered":"\n<p><strong>La abogada que representa a la familia de la periodista Griselda Blanco, asesinada violentamente en la ciudad correntina de Curuz\u00fa Cuati\u00e1, rechaz\u00f3 formalmente la posibilidad de un juicio abreviado que podr\u00eda significar una condena de ocho a\u00f1os de prisi\u00f3n para el \u00fanico detenido e imputado por el crimen y calific\u00f3 este viernes de \u00abins\u00f3litos\u00bb y \u00abrid\u00edculos\u00bb los fundamentos de la petici\u00f3n de la defensa<\/strong>.<\/p>\n\n\n\n<p>La letrada Andrea Tribbia cuestion\u00f3 la posici\u00f3n \u00abunilateral, en acuerdo entre la fiscal\u00eda y la defensa\u00bb de peticionar un juicio abreviado para el acusado Dar\u00edo Holzweissig, y\u00a0<strong>formaliz\u00f3 el rechazo en un escrito enviado a la fiscal Mar\u00eda Jos\u00e9 Barrero Sahag\u00fan, con copia al fiscal General, C\u00e9sar Sotelo, donde adem\u00e1s pide la \u00abla re adecuaci\u00f3n de la calificaci\u00f3n a femicidio\u00bb<\/strong>, informaron. <\/p>\n","protected":false},"excerpt":{"rendered":"<p>La abogada que representa a la familia de la periodista Griselda Blanco, asesinada violentamente en la ciudad correntina de Curuz\u00fa Cuati\u00e1, rechaz\u00f3 formalmente la posibilidad de un juicio abreviado que podr\u00eda significar una condena de ocho a\u00f1os de prisi\u00f3n para el \u00fanico detenido e imputado por el crimen y calific\u00f3 este viernes de \u00abins\u00f3litos\u00bb y &hellip;<\/p>\n","protected":false},"author":2,"featured_media":76628,"comment_status":"open","ping_status":"open","sticky":false,"template":"","format":"standard","meta":{"_jetpack_memberships_contains_paid_content":false,"footnotes":"","jetpack_publicize_message":"","jetpack_publicize_feature_enabled":true,"jetpack_social_post_already_shared":true,"jetpack_social_options":{"image_generator_settings":{"template":"highway","default_image_id":0,"font":"","enabled":false},"version":2}},"categories":[639,50],"tags":[],"class_list":["post-77287","post","type-post","status-publish","format-standard","has-post-thumbnail","hentry","category-argentina","category-judiciales"],"jetpack_publicize_connections":[],"jetpack_featured_media_url":"https:\/\/portalmovil.com.ar\/wp-content\/uploads\/2023\/05\/periodista-asesinada-corrientes.jpg","jetpack_sharing_enabled":true,"amp_enabled":true,"_links":{"self":[{"href":"https:\/\/portalmovil.com.ar\/index.php\/wp-json\/wp\/v2\/posts\/77287","targetHints":{"allow":["GET"]}}],"collection":[{"href":"https:\/\/portalmovil.com.ar\/index.php\/wp-json\/wp\/v2\/posts"}],"about":[{"href":"https:\/\/portalmovil.com.ar\/index.php\/wp-json\/wp\/v2\/types\/post"}],"author":[{"embeddable":true,"href":"https:\/\/portalmovil.com.ar\/index.php\/wp-json\/wp\/v2\/users\/2"}],"replies":[{"embeddable":true,"href":"https:\/\/portalmovil.com.ar\/index.php\/wp-json\/wp\/v2\/comments?post=77287"}],"version-history":[{"count":1,"href":"https:\/\/portalmovil.com.ar\/index.php\/wp-json\/wp\/v2\/posts\/77287\/revisions"}],"predecessor-version":[{"id":77288,"href":"https:\/\/portalmovil.com.ar\/index.php\/wp-json\/wp\/v2\/posts\/77287\/revisions\/77288"}],"wp:featuredmedia":[{"embeddable":true,"href":"https:\/\/portalmovil.com.ar\/index.php\/wp-json\/wp\/v2\/media\/76628"}],"wp:attachment":[{"href":"https:\/\/portalmovil.com.ar\/index.php\/wp-json\/wp\/v2\/media?parent=77287"}],"wp:term":[{"taxonomy":"category","embeddable":true,"href":"https:\/\/portalmovil.com.ar\/index.php\/wp-json\/wp\/v2\/categories?post=77287"},{"taxonomy":"post_tag","embeddable":true,"href":"https:\/\/portalmovil.com.ar\/index.php\/wp-json\/wp\/v2\/tags?post=77287"}],"curies":[{"name":"wp","href":"https:\/\/api.w.org\/{rel}","templated":true}]}}