{"id":77147,"date":"2023-06-02T09:56:32","date_gmt":"2023-06-02T12:56:32","guid":{"rendered":"https:\/\/portalmovil.com.ar\/?p=77147"},"modified":"2023-06-02T09:56:35","modified_gmt":"2023-06-02T12:56:35","slug":"licencia-por-mascotas-piden-que-se-otorguen-dias-no-laborables-por-la-muerte-de-perros-y-gatos","status":"publish","type":"post","link":"https:\/\/portalmovil.com.ar\/index.php\/2023\/06\/02\/licencia-por-mascotas-piden-que-se-otorguen-dias-no-laborables-por-la-muerte-de-perros-y-gatos\/","title":{"rendered":"\u00bfLicencia por mascotas? Piden que se otorguen d\u00edas no laborables por la muerte de perros y gatos"},"content":{"rendered":"\n<p>Las mascotas son consideradas por la gran mayor\u00eda como parte de la familia. Sin embargo, la ley no contempla d\u00edas de licencia en caso de fallecimiento. En ese contexto, desde la empresa Mon Ami lanzaron una petici\u00f3n en www.change.org para que empiece a considerarse este asunto de manera legal.<\/p>\n\n\n\n<p>\u00abNuestras mascotas son parte de la familia y, por eso, tambi\u00e9n deber\u00edan ser parte de la Ley. En Argentina se otorgan hasta 4 d\u00edas de licencia por el fallecimiento de un familiar pero no se considera ning\u00fan d\u00eda cuando se trata de una mascota\u00bb describe la petici\u00f3n, que ya cuenta con m\u00e1s de 35 mil firmas.<\/p>\n\n\n\n<p>\u00abLo que ocurre en la Ley de Licencias Especiales es que estos seres no son contemplados. Si vivimos un duelo, la p\u00e9rdida de cualquier integrante de la familia, en la entidad laboral tenemos que reconocer algunos d\u00edas de duelo, pero no pasa eso con nuestras mascotas\u00bb, remarc\u00f3 Antonella Marini, impulsora de este proyecto, dialog\u00f3 en MDZ Radio<\/p>\n\n\n\n<p>\u00abEl movimiento que impulsamos desde Mon Ami fue poner esto arriba de la mesa, darle visibilidad a la discusi\u00f3n que toc\u00f3 un mont\u00f3n de corazones, tuvo una trascendencia nacional porque evidentemente mucha gente lo estaba sintiendo as\u00ed pero no era conversado\u00bb, indic\u00f3 y agreg\u00f3: \u00abBuscamos juntar firmas para que un equipo de legisladores pueda armar un proyecto de Ley y que esto se vuelva constitucional\u00bb.<\/p>\n","protected":false},"excerpt":{"rendered":"<p>Las mascotas son consideradas por la gran mayor\u00eda como parte de la familia. Sin embargo, la ley no contempla d\u00edas de licencia en caso de fallecimiento. En ese contexto, desde la empresa Mon Ami lanzaron una petici\u00f3n en www.change.org para que empiece a considerarse este asunto de manera legal. \u00abNuestras mascotas son parte de la &hellip;<\/p>\n","protected":false},"author":2,"featured_media":77148,"comment_status":"open","ping_status":"open","sticky":false,"template":"","format":"standard","meta":{"_jetpack_memberships_contains_paid_content":false,"footnotes":"","jetpack_publicize_message":"","jetpack_publicize_feature_enabled":true,"jetpack_social_post_already_shared":true,"jetpack_social_options":{"image_generator_settings":{"template":"highway","default_image_id":0,"font":"","enabled":false},"version":2}},"categories":[3],"tags":[],"class_list":["post-77147","post","type-post","status-publish","format-standard","has-post-thumbnail","hentry","category-sociedad"],"jetpack_publicize_connections":[],"jetpack_featured_media_url":"https:\/\/portalmovil.com.ar\/wp-content\/uploads\/2023\/06\/caracoltv.brightspotcdn.jpg","jetpack_sharing_enabled":true,"amp_enabled":true,"_links":{"self":[{"href":"https:\/\/portalmovil.com.ar\/index.php\/wp-json\/wp\/v2\/posts\/77147","targetHints":{"allow":["GET"]}}],"collection":[{"href":"https:\/\/portalmovil.com.ar\/index.php\/wp-json\/wp\/v2\/posts"}],"about":[{"href":"https:\/\/portalmovil.com.ar\/index.php\/wp-json\/wp\/v2\/types\/post"}],"author":[{"embeddable":true,"href":"https:\/\/portalmovil.com.ar\/index.php\/wp-json\/wp\/v2\/users\/2"}],"replies":[{"embeddable":true,"href":"https:\/\/portalmovil.com.ar\/index.php\/wp-json\/wp\/v2\/comments?post=77147"}],"version-history":[{"count":1,"href":"https:\/\/portalmovil.com.ar\/index.php\/wp-json\/wp\/v2\/posts\/77147\/revisions"}],"predecessor-version":[{"id":77149,"href":"https:\/\/portalmovil.com.ar\/index.php\/wp-json\/wp\/v2\/posts\/77147\/revisions\/77149"}],"wp:featuredmedia":[{"embeddable":true,"href":"https:\/\/portalmovil.com.ar\/index.php\/wp-json\/wp\/v2\/media\/77148"}],"wp:attachment":[{"href":"https:\/\/portalmovil.com.ar\/index.php\/wp-json\/wp\/v2\/media?parent=77147"}],"wp:term":[{"taxonomy":"category","embeddable":true,"href":"https:\/\/portalmovil.com.ar\/index.php\/wp-json\/wp\/v2\/categories?post=77147"},{"taxonomy":"post_tag","embeddable":true,"href":"https:\/\/portalmovil.com.ar\/index.php\/wp-json\/wp\/v2\/tags?post=77147"}],"curies":[{"name":"wp","href":"https:\/\/api.w.org\/{rel}","templated":true}]}}