{"id":77126,"date":"2023-06-01T05:16:00","date_gmt":"2023-06-01T08:16:00","guid":{"rendered":"https:\/\/portalmovil.com.ar\/?p=77126"},"modified":"2023-06-01T17:18:10","modified_gmt":"2023-06-01T20:18:10","slug":"alberto-fernandez-la-justicia-rompe-el-federalismo-y-debilita-nuestra-democracia","status":"publish","type":"post","link":"https:\/\/portalmovil.com.ar\/index.php\/2023\/06\/01\/alberto-fernandez-la-justicia-rompe-el-federalismo-y-debilita-nuestra-democracia\/","title":{"rendered":"Alberto Fern\u00e1ndez: la justicia \u201crompe el federalismo y debilita nuestra democracia\u201d"},"content":{"rendered":"\n<p>El presidente Alberto Fern\u00e1ndez critic\u00f3 hoy el fallo de la Corte Suprema de Justicia que inhabilit\u00f3 por mayor\u00eda al gobernador de la provincia de San Juan, Sergio U\u00f1ac, para presentarse como candidato a un nuevo periodo como mandatario, al afirmar que \u00abse entromete en el proceso democr\u00e1tico y auton\u00f3mico de las provincias\u00bb.<\/p>\n\n\n\n<p>\u00abUna vez m\u00e1s, la Corte Suprema se entromete en el proceso democr\u00e1tico y auton\u00f3mico de las provincias\u00bb, escribi\u00f3 el jefe de Estado en su cuenta de la red social Twitter.<\/p>\n\n\n\n<p>Y ampli\u00f3: \u00abHa dictado una sentencia sin que previamente opinara el m\u00e1s alto tribunal de San Juan, atribuy\u00e9ndose una competencia originaria a partir de una interpretaci\u00f3n forzada e ileg\u00edtima\u00bb.<\/p>\n\n\n\n<p>En un segundo posteo del hilo que public\u00f3, el Presidente refiri\u00f3 que la Corte \u00ablejos de impartir justicia, rompe el federalismo y debilita nuestra democracia. El pueblo es el que siempre elige\u00bb.<\/p>\n\n\n\n<p>La Corte Suprema de Justicia inhabilit\u00f3 hoy por mayor\u00eda al gobernador de San Juan para que se presente como candidato a un nuevo per\u00edodo como mandatario provincial, al considerar que otra postulaci\u00f3n ser\u00eda inconstitucional.<\/p>\n\n\n\n<p>La decisi\u00f3n fue firmada por Horacio Rosatti, Juan Carlos Maqueda y Carlos Rosenkrantz, en tanto que Ricardo Lorenzetti no vot\u00f3 por no haber intervenido en el dictado de la medida cautelar que suspendi\u00f3 las elecciones a gobernador y vice.<\/p>\n","protected":false},"excerpt":{"rendered":"<p>El presidente Alberto Fern\u00e1ndez critic\u00f3 hoy el fallo de la Corte Suprema de Justicia que inhabilit\u00f3 por mayor\u00eda al gobernador de la provincia de San Juan, Sergio U\u00f1ac, para presentarse como candidato a un nuevo periodo como mandatario, al afirmar que \u00abse entromete en el proceso democr\u00e1tico y auton\u00f3mico de las provincias\u00bb. \u00abUna vez m\u00e1s, &hellip;<\/p>\n","protected":false},"author":2,"featured_media":74308,"comment_status":"open","ping_status":"open","sticky":false,"template":"","format":"standard","meta":{"_jetpack_memberships_contains_paid_content":false,"footnotes":"","jetpack_publicize_message":"","jetpack_publicize_feature_enabled":true,"jetpack_social_post_already_shared":true,"jetpack_social_options":{"image_generator_settings":{"template":"highway","default_image_id":0,"font":"","enabled":false},"version":2}},"categories":[639,14,12],"tags":[],"class_list":["post-77126","post","type-post","status-publish","format-standard","has-post-thumbnail","hentry","category-argentina","category-politica","category-ultimo"],"jetpack_publicize_connections":[],"jetpack_featured_media_url":"https:\/\/portalmovil.com.ar\/wp-content\/uploads\/2023\/04\/1200x799_alberto-fernandez-foto-casa-rosada-984800-135201.webp","jetpack_sharing_enabled":true,"amp_enabled":true,"_links":{"self":[{"href":"https:\/\/portalmovil.com.ar\/index.php\/wp-json\/wp\/v2\/posts\/77126","targetHints":{"allow":["GET"]}}],"collection":[{"href":"https:\/\/portalmovil.com.ar\/index.php\/wp-json\/wp\/v2\/posts"}],"about":[{"href":"https:\/\/portalmovil.com.ar\/index.php\/wp-json\/wp\/v2\/types\/post"}],"author":[{"embeddable":true,"href":"https:\/\/portalmovil.com.ar\/index.php\/wp-json\/wp\/v2\/users\/2"}],"replies":[{"embeddable":true,"href":"https:\/\/portalmovil.com.ar\/index.php\/wp-json\/wp\/v2\/comments?post=77126"}],"version-history":[{"count":1,"href":"https:\/\/portalmovil.com.ar\/index.php\/wp-json\/wp\/v2\/posts\/77126\/revisions"}],"predecessor-version":[{"id":77127,"href":"https:\/\/portalmovil.com.ar\/index.php\/wp-json\/wp\/v2\/posts\/77126\/revisions\/77127"}],"wp:featuredmedia":[{"embeddable":true,"href":"https:\/\/portalmovil.com.ar\/index.php\/wp-json\/wp\/v2\/media\/74308"}],"wp:attachment":[{"href":"https:\/\/portalmovil.com.ar\/index.php\/wp-json\/wp\/v2\/media?parent=77126"}],"wp:term":[{"taxonomy":"category","embeddable":true,"href":"https:\/\/portalmovil.com.ar\/index.php\/wp-json\/wp\/v2\/categories?post=77126"},{"taxonomy":"post_tag","embeddable":true,"href":"https:\/\/portalmovil.com.ar\/index.php\/wp-json\/wp\/v2\/tags?post=77126"}],"curies":[{"name":"wp","href":"https:\/\/api.w.org\/{rel}","templated":true}]}}