{"id":77080,"date":"2023-05-30T22:23:00","date_gmt":"2023-05-31T01:23:00","guid":{"rendered":"https:\/\/portalmovil.com.ar\/?p=77080"},"modified":"2023-06-01T10:26:15","modified_gmt":"2023-06-01T13:26:15","slug":"polini-recorrio-san-martin-y-pampa-del-indio-espero-de-corazon-que-la-sociedad-acompane-el-cambio","status":"publish","type":"post","link":"https:\/\/portalmovil.com.ar\/index.php\/2023\/05\/30\/polini-recorrio-san-martin-y-pampa-del-indio-espero-de-corazon-que-la-sociedad-acompane-el-cambio\/","title":{"rendered":"Polini recorri\u00f3 San Mart\u00edn y Pampa del Indio: \u00abEspero de coraz\u00f3n que la sociedad acompa\u00f1e el cambio\u00bb"},"content":{"rendered":"\n<p><strong>El precandidato a gobernador Juan Carlos Polini recorri\u00f3 durante este lunes las localidades de General San Mart\u00edn y Pampa del Indio, llevando a emprendedores, instituciones y vecinos, sus propuestas de campa\u00f1a de cara a las elecciones PASO del 18 de junio. &nbsp;<\/strong><\/p>\n\n\n\n<p>En di\u00e1logo con la prensa agradeci\u00f3 a los precandidatos y dirigentes que lo acompa\u00f1aron en la recorrida y dijo sentirse&nbsp;<strong>\u00abmuy contento con el afecto y el respeto que la ciudadan\u00eda en general muestra al gran grupo humano que conforma este equipo de trabajo\u00bb.&nbsp;<\/strong><\/p>\n\n\n\n<p>Asimismo, resalt\u00f3 la relevancia de \u00abconocer la realidad de primera mano\u00bb: \u00abVisitamos a vecinos y comerciantes en San Mart\u00edn, pero tambi\u00e9n nos hicimos tiempo para ir hasta la EFA Fortaleza Campesina, que alberga a alumnos que aprenden no solamente contenidos conceptuales sino tambi\u00e9n formaci\u00f3n para la vida y el trabajo\u00bb.<\/p>\n\n\n\n<p>Al respecto, remarc\u00f3 que \u00absoy un convencido de que estas escuelas son las que debemos potenciar para que cuando los chicos egresen, podamos acompa\u00f1arlos hacia el mundo del trabajo y la capacitaci\u00f3n universitaria. Es una gran base que se sostiene en el motor de nuestra econom\u00eda, el campo. No podemos desperdiciar los talentos de estos chicos y mucho menos los conocimientos que aqu\u00ed adquieren\u00bb.\u00a0<\/p>\n\n\n\n<p>En cuanto a su visita a Pampa del Indio, destac\u00f3 la juventud de su precandidato a intendente. \u00abOjal\u00e1 todos los j\u00f3venes se involucraran como \u00e9l y espero de coraz\u00f3n que la sociedad lo acompa\u00f1e como lo har\u00e9 yo si el pueblo me elige como gobernador de la provincia. Los j\u00f3venes le aportan a este proyecto una visi\u00f3n innovadora, atrevida en el buen sentido y que viene a replantear muchas cosas y acciones de quienes ya peinamos canas, celebro que puedan encontrar su lugar a nuestro lado\u00bb, cerr\u00f3.<\/p>\n","protected":false},"excerpt":{"rendered":"<p>El precandidato a gobernador Juan Carlos Polini recorri\u00f3 durante este lunes las localidades de General San Mart\u00edn y Pampa del Indio, llevando a emprendedores, instituciones y vecinos, sus propuestas de campa\u00f1a de cara a las elecciones PASO del 18 de junio. &nbsp; En di\u00e1logo con la prensa agradeci\u00f3 a los precandidatos y dirigentes que lo &hellip;<\/p>\n","protected":false},"author":2,"featured_media":77081,"comment_status":"open","ping_status":"open","sticky":false,"template":"","format":"standard","meta":{"_jetpack_memberships_contains_paid_content":false,"footnotes":"","jetpack_publicize_message":"","jetpack_publicize_feature_enabled":true,"jetpack_social_post_already_shared":true,"jetpack_social_options":{"image_generator_settings":{"template":"highway","default_image_id":0,"font":"","enabled":false},"version":2}},"categories":[5,14],"tags":[],"class_list":["post-77080","post","type-post","status-publish","format-standard","has-post-thumbnail","hentry","category-chaco","category-politica"],"jetpack_publicize_connections":[],"jetpack_featured_media_url":"https:\/\/portalmovil.com.ar\/wp-content\/uploads\/2023\/06\/576106w790h632c.jpg.webp","jetpack_sharing_enabled":true,"amp_enabled":true,"_links":{"self":[{"href":"https:\/\/portalmovil.com.ar\/index.php\/wp-json\/wp\/v2\/posts\/77080","targetHints":{"allow":["GET"]}}],"collection":[{"href":"https:\/\/portalmovil.com.ar\/index.php\/wp-json\/wp\/v2\/posts"}],"about":[{"href":"https:\/\/portalmovil.com.ar\/index.php\/wp-json\/wp\/v2\/types\/post"}],"author":[{"embeddable":true,"href":"https:\/\/portalmovil.com.ar\/index.php\/wp-json\/wp\/v2\/users\/2"}],"replies":[{"embeddable":true,"href":"https:\/\/portalmovil.com.ar\/index.php\/wp-json\/wp\/v2\/comments?post=77080"}],"version-history":[{"count":1,"href":"https:\/\/portalmovil.com.ar\/index.php\/wp-json\/wp\/v2\/posts\/77080\/revisions"}],"predecessor-version":[{"id":77082,"href":"https:\/\/portalmovil.com.ar\/index.php\/wp-json\/wp\/v2\/posts\/77080\/revisions\/77082"}],"wp:featuredmedia":[{"embeddable":true,"href":"https:\/\/portalmovil.com.ar\/index.php\/wp-json\/wp\/v2\/media\/77081"}],"wp:attachment":[{"href":"https:\/\/portalmovil.com.ar\/index.php\/wp-json\/wp\/v2\/media?parent=77080"}],"wp:term":[{"taxonomy":"category","embeddable":true,"href":"https:\/\/portalmovil.com.ar\/index.php\/wp-json\/wp\/v2\/categories?post=77080"},{"taxonomy":"post_tag","embeddable":true,"href":"https:\/\/portalmovil.com.ar\/index.php\/wp-json\/wp\/v2\/tags?post=77080"}],"curies":[{"name":"wp","href":"https:\/\/api.w.org\/{rel}","templated":true}]}}