{"id":77074,"date":"2023-05-27T22:19:00","date_gmt":"2023-05-28T01:19:00","guid":{"rendered":"https:\/\/portalmovil.com.ar\/?p=77074"},"modified":"2023-06-01T10:21:13","modified_gmt":"2023-06-01T13:21:13","slug":"polini-participo-de-los-festejos-por-el-57-aniversario-de-el-palmar","status":"publish","type":"post","link":"https:\/\/portalmovil.com.ar\/index.php\/2023\/05\/27\/polini-participo-de-los-festejos-por-el-57-aniversario-de-el-palmar\/","title":{"rendered":"Polini particip\u00f3 de los festejos por el 57\u00b0 aniversario de El Palmar"},"content":{"rendered":"\n<p>El productor agropecuario y precandidato a gobernador, Juan Carlos Polini, se sum\u00f3 a los festejos por el aniversario de la Villa Rural El Palmar,&nbsp;<strong>en jurisdicci\u00f3n de la localidad de Quitilipi.&nbsp;<\/strong><\/p>\n\n\n\n<p>Polini coment\u00f3 a la prensa que \u00abes una alegr\u00eda poder compartir con tantos amigos y gente tan c\u00e1lida. Este evento nuclea a todas las familias que conforman la villa rural y tambi\u00e9n a gente de alrededores que se suma&nbsp;<strong>a festejar tambi\u00e9n porque en muchos aspectos, dependen de la cercan\u00eda y el crecimiento del lugar<\/strong>\u00ab.&nbsp;<\/p>\n\n\n\n<p>Asimismo, destac\u00f3 la labor que lleva adelante el intendente Ariel Lovey: \u00abHay que destacar el avance y la urbanizaci\u00f3n de la Villa Rural. Que hoy cuente con un Punto Digital, con edificios reformados y una plaza bien cuidada, por ejemplo, tiene que ver con el trabajo que realiza Quitito Lovey que tiene una mirada muy particular para con sus vecinos de las zonas rurales. Pensar en ellos y desde el Estado brindarles herramientas para que no dependan al cien por ciento de la ciudad cabecera, es un m\u00e9rito no menor que encarna grandes valores en su persona. R<strong>ealmente lo felicito y felicito a los vecinos que trabajan para seguir creciendo<\/strong>\u00ab, dijo.&nbsp;<\/p>\n","protected":false},"excerpt":{"rendered":"<p>El productor agropecuario y precandidato a gobernador, Juan Carlos Polini, se sum\u00f3 a los festejos por el aniversario de la Villa Rural El Palmar,&nbsp;en jurisdicci\u00f3n de la localidad de Quitilipi.&nbsp; Polini coment\u00f3 a la prensa que \u00abes una alegr\u00eda poder compartir con tantos amigos y gente tan c\u00e1lida. Este evento nuclea a todas las familias &hellip;<\/p>\n","protected":false},"author":2,"featured_media":77075,"comment_status":"open","ping_status":"open","sticky":false,"template":"","format":"standard","meta":{"_jetpack_memberships_contains_paid_content":false,"footnotes":"","jetpack_publicize_message":"","jetpack_publicize_feature_enabled":true,"jetpack_social_post_already_shared":true,"jetpack_social_options":{"image_generator_settings":{"template":"highway","default_image_id":0,"font":"","enabled":false},"version":2}},"categories":[5,14],"tags":[],"class_list":["post-77074","post","type-post","status-publish","format-standard","has-post-thumbnail","hentry","category-chaco","category-politica"],"jetpack_publicize_connections":[],"jetpack_featured_media_url":"https:\/\/portalmovil.com.ar\/wp-content\/uploads\/2023\/06\/575845w850h638c.jpg.webp","jetpack_sharing_enabled":true,"amp_enabled":true,"_links":{"self":[{"href":"https:\/\/portalmovil.com.ar\/index.php\/wp-json\/wp\/v2\/posts\/77074","targetHints":{"allow":["GET"]}}],"collection":[{"href":"https:\/\/portalmovil.com.ar\/index.php\/wp-json\/wp\/v2\/posts"}],"about":[{"href":"https:\/\/portalmovil.com.ar\/index.php\/wp-json\/wp\/v2\/types\/post"}],"author":[{"embeddable":true,"href":"https:\/\/portalmovil.com.ar\/index.php\/wp-json\/wp\/v2\/users\/2"}],"replies":[{"embeddable":true,"href":"https:\/\/portalmovil.com.ar\/index.php\/wp-json\/wp\/v2\/comments?post=77074"}],"version-history":[{"count":1,"href":"https:\/\/portalmovil.com.ar\/index.php\/wp-json\/wp\/v2\/posts\/77074\/revisions"}],"predecessor-version":[{"id":77076,"href":"https:\/\/portalmovil.com.ar\/index.php\/wp-json\/wp\/v2\/posts\/77074\/revisions\/77076"}],"wp:featuredmedia":[{"embeddable":true,"href":"https:\/\/portalmovil.com.ar\/index.php\/wp-json\/wp\/v2\/media\/77075"}],"wp:attachment":[{"href":"https:\/\/portalmovil.com.ar\/index.php\/wp-json\/wp\/v2\/media?parent=77074"}],"wp:term":[{"taxonomy":"category","embeddable":true,"href":"https:\/\/portalmovil.com.ar\/index.php\/wp-json\/wp\/v2\/categories?post=77074"},{"taxonomy":"post_tag","embeddable":true,"href":"https:\/\/portalmovil.com.ar\/index.php\/wp-json\/wp\/v2\/tags?post=77074"}],"curies":[{"name":"wp","href":"https:\/\/api.w.org\/{rel}","templated":true}]}}