{"id":76981,"date":"2023-05-30T17:34:25","date_gmt":"2023-05-30T20:34:25","guid":{"rendered":"https:\/\/portalmovil.com.ar\/?p=76981"},"modified":"2023-05-30T17:34:26","modified_gmt":"2023-05-30T20:34:26","slug":"el-programa-de-castracion-para-mascotas-estara-en-los-barrios-virgen-de-lourdes-e-italia","status":"publish","type":"post","link":"https:\/\/portalmovil.com.ar\/index.php\/2023\/05\/30\/el-programa-de-castracion-para-mascotas-estara-en-los-barrios-virgen-de-lourdes-e-italia\/","title":{"rendered":"El programa de castraci\u00f3n para mascotas estar\u00e1 en los barrios Virgen de Lourdes e Italia"},"content":{"rendered":"\n<p>Desde la Municipalidad de Resistencia informaron que el quir\u00f3fano m\u00f3vil, y todos sus servicios anexos y gratuitos, se instalar\u00e1 el 31 de mayo, y el 1 de junio, en el barrio Virgen de Lourdes; m\u00e1s precisamente en la esquina de las calles Isla del Cerrito y Rold\u00e1n.<\/p>\n\n\n\n<p>Como sucede habitualmente, la atenci\u00f3n se iniciar\u00e1 a las 8, por orden de llegada y est\u00e1 destinada a mascotas que tengan m\u00e1s de seis meses de vida.<\/p>\n\n\n\n<p>Del mismo modo, se anticip\u00f3 que el mismo operativo se trasladar\u00e1 el viernes 2 de junio al barrio Italia, en Sierras de C\u00f3rdoba al 2400, donde tambi\u00e9n continuar\u00e1 atendiendo los d\u00edas lunes 5 y martes 6 inclusive.<\/p>\n\n\n\n<h3 class=\"wp-block-heading\">Recomendaciones<\/h3>\n\n\n\n<p>Desde la organizaci\u00f3n recuerdan que las mascotas deben llegar con un ayuno m\u00ednimo de 8 horas en cuanto a alimentos s\u00f3lidos y 2 horas sin consumir l\u00edquidos. Los perros tendr\u00e1n que ser llevados con collares y correas, adem\u00e1s de bozal si son peligrosos. Los gatos pueden ser transportados en una jaula, caja o mochila.<\/p>\n\n\n\n<p>Tambi\u00e9n se solicita a todos que concurran con mantas para poder mantener confortables a las mascotas mientras se recuperan de la anestesia.<\/p>\n","protected":false},"excerpt":{"rendered":"<p>Desde la Municipalidad de Resistencia informaron que el quir\u00f3fano m\u00f3vil, y todos sus servicios anexos y gratuitos, se instalar\u00e1 el 31 de mayo, y el 1 de junio, en el barrio Virgen de Lourdes; m\u00e1s precisamente en la esquina de las calles Isla del Cerrito y Rold\u00e1n. Como sucede habitualmente, la atenci\u00f3n se iniciar\u00e1 a &hellip;<\/p>\n","protected":false},"author":2,"featured_media":76982,"comment_status":"open","ping_status":"open","sticky":false,"template":"","format":"standard","meta":{"_jetpack_memberships_contains_paid_content":false,"footnotes":"","jetpack_publicize_message":"","jetpack_publicize_feature_enabled":true,"jetpack_social_post_already_shared":true,"jetpack_social_options":{"image_generator_settings":{"template":"highway","default_image_id":0,"font":"","enabled":false},"version":2}},"categories":[14,37],"tags":[],"class_list":["post-76981","post","type-post","status-publish","format-standard","has-post-thumbnail","hentry","category-politica","category-resistencia"],"jetpack_publicize_connections":[],"jetpack_featured_media_url":"https:\/\/portalmovil.com.ar\/wp-content\/uploads\/2023\/05\/647659df366bf296147877-scaled.jpeg","jetpack_sharing_enabled":true,"amp_enabled":true,"_links":{"self":[{"href":"https:\/\/portalmovil.com.ar\/index.php\/wp-json\/wp\/v2\/posts\/76981","targetHints":{"allow":["GET"]}}],"collection":[{"href":"https:\/\/portalmovil.com.ar\/index.php\/wp-json\/wp\/v2\/posts"}],"about":[{"href":"https:\/\/portalmovil.com.ar\/index.php\/wp-json\/wp\/v2\/types\/post"}],"author":[{"embeddable":true,"href":"https:\/\/portalmovil.com.ar\/index.php\/wp-json\/wp\/v2\/users\/2"}],"replies":[{"embeddable":true,"href":"https:\/\/portalmovil.com.ar\/index.php\/wp-json\/wp\/v2\/comments?post=76981"}],"version-history":[{"count":1,"href":"https:\/\/portalmovil.com.ar\/index.php\/wp-json\/wp\/v2\/posts\/76981\/revisions"}],"predecessor-version":[{"id":76983,"href":"https:\/\/portalmovil.com.ar\/index.php\/wp-json\/wp\/v2\/posts\/76981\/revisions\/76983"}],"wp:featuredmedia":[{"embeddable":true,"href":"https:\/\/portalmovil.com.ar\/index.php\/wp-json\/wp\/v2\/media\/76982"}],"wp:attachment":[{"href":"https:\/\/portalmovil.com.ar\/index.php\/wp-json\/wp\/v2\/media?parent=76981"}],"wp:term":[{"taxonomy":"category","embeddable":true,"href":"https:\/\/portalmovil.com.ar\/index.php\/wp-json\/wp\/v2\/categories?post=76981"},{"taxonomy":"post_tag","embeddable":true,"href":"https:\/\/portalmovil.com.ar\/index.php\/wp-json\/wp\/v2\/tags?post=76981"}],"curies":[{"name":"wp","href":"https:\/\/api.w.org\/{rel}","templated":true}]}}