{"id":76788,"date":"2023-05-24T04:15:00","date_gmt":"2023-05-24T07:15:00","guid":{"rendered":"https:\/\/portalmovil.com.ar\/?p=76788"},"modified":"2023-05-24T16:17:16","modified_gmt":"2023-05-24T19:17:16","slug":"abrieron-ofertas-para-continuar-la-defensa-del-san-pedro-pescador","status":"publish","type":"post","link":"https:\/\/portalmovil.com.ar\/index.php\/2023\/05\/24\/abrieron-ofertas-para-continuar-la-defensa-del-san-pedro-pescador\/","title":{"rendered":"Abrieron ofertas para continuar la defensa del San Pedro Pescador"},"content":{"rendered":"\n<p>El gobernador Jorge Capitanich abri\u00f3 este mi\u00e9rcoles dos sobres con ofertas de licitaci\u00f3n para ejecutar la segunda etapa de obras de la defensa del barrio San Pedro Pescador. La primera etapa ya alcanza el 84% de ejecuci\u00f3n y se prev\u00e9 terminarla en los pr\u00f3ximos 60 d\u00edas.<br>Esta segunda etapa, que estipula un presupuesto de $930.702.101 con financiamiento del Ministerio de Obras P\u00fablicas de la Naci\u00f3n, contempla la construcci\u00f3n de 300 metros de costa. De esta manera, se completar\u00e1n los 650 metros totales que prev\u00e9 el proyecto, con desag\u00fces pluviales y un paseo peatonal.<\/p>\n\n\n\n<p>Acompa\u00f1ado por el presidente de la Administraci\u00f3n Provincial del Agua (APA), Daniel Pegoraro, el intendente de Colonia Ben\u00edtez, Sergio Phipps, y el vocal de APA Gustavo D\u00bbAlessandro, el mandatario se\u00f1al\u00f3 que se trata de una obra \u00abesencial; una de las mejores intervenciones, m\u00e1s requerida y demandada hist\u00f3ricamente por la comunidad de la zona\u00bb.<\/p>\n\n\n\n<p>\u00abEs una muy buena noticia para el barrio y la zona, luego de tantos vaivenes, que finalmente se est\u00e9 concretando de acuerdo a lo previsto\u00bb, expres\u00f3 Capitanich, y destac\u00f3 en particular la construcci\u00f3n del paseo peatonal: \u00abHemos considerado la ejecuci\u00f3n de la traza peatonal, por lo que significa en la mejora de la calidad de vida de la comunidad\u00bb.<\/p>\n\n\n\n<p>El presidente de la APA, Daniel Pegoraro, hizo hincapi\u00e9 en que \u00abera absolutamente necesario ejecutar esta intervenci\u00f3n porque ven\u00eda avanzando r\u00e1pidamente la erosi\u00f3n del rio Paran\u00e1, acerc\u00e1ndose a las viviendas\u00bb. \u00abEs una manera de proteger el barrio, tambi\u00e9n con la reubicaci\u00f3n de las familias que estaban en las zonas m\u00e1s peligrosas\u00bb, sostuvo el funcionario.<\/p>\n\n\n\n<p>El intendente Sergio Phipps asegur\u00f3 que esta apertura de sobres constituye un \u00abd\u00eda hist\u00f3rico\u00bb para el barrio, jurisdicci\u00f3n de dicho municipio. \u00abEs la obra m\u00e1s importante de la historia del San Pedro Pescador que nuestro gobernador pudo concretar. Nos va a cambiar la vida a todos y a cada vecino, como el acueducto, los espacios p\u00fablicos y la ampliaci\u00f3n del barrio para reubicar a familias\u00bb, indic\u00f3.<\/p>\n\n\n\n<p><strong>DETALLE DE LA SEGUNDA ETAPA<\/strong><\/p>\n\n\n\n<p>El proyecto de la segunda etapa contempla la protecci\u00f3n de 300 metros de costa, desde la traza del puente General Belgrano hasta empalmar con la primera etapa de protecci\u00f3n que ya se encuentra en ejecuci\u00f3n. Tambi\u00e9n prev\u00e9 la construcci\u00f3n de 6.000 metros cuadrados de protecci\u00f3n mediante un sistema de mantas flexibles, se aprovechar\u00e1 el muelle existente y se lo proteger\u00e1 con gaviones cil\u00edndricos para conformar el cuarto espig\u00f3n de la obra en total.<\/p>\n\n\n\n<p>Se construir\u00e1n 150 metros de desag\u00fces pluviales para encauzar los excesos h\u00eddricos y 60 metros de protecci\u00f3n mediante un sistema de tablestacas met\u00e1licas. Incluye la ejecuci\u00f3n de un terrapl\u00e9n mediante la incorporaci\u00f3n de material cohesivo y la protecci\u00f3n con un sistema de colchonetas rellenas de piedra.<\/p>\n","protected":false},"excerpt":{"rendered":"<p>El gobernador Jorge Capitanich abri\u00f3 este mi\u00e9rcoles dos sobres con ofertas de licitaci\u00f3n para ejecutar la segunda etapa de obras de la defensa del barrio San Pedro Pescador. La primera etapa ya alcanza el 84% de ejecuci\u00f3n y se prev\u00e9 terminarla en los pr\u00f3ximos 60 d\u00edas.Esta segunda etapa, que estipula un presupuesto de $930.702.101 con &hellip;<\/p>\n","protected":false},"author":2,"featured_media":76789,"comment_status":"open","ping_status":"open","sticky":false,"template":"","format":"standard","meta":{"_jetpack_memberships_contains_paid_content":false,"footnotes":"","jetpack_publicize_message":"","jetpack_publicize_feature_enabled":true,"jetpack_social_post_already_shared":true,"jetpack_social_options":{"image_generator_settings":{"template":"highway","default_image_id":0,"font":"","enabled":false},"version":2}},"categories":[5,14,12],"tags":[],"class_list":["post-76788","post","type-post","status-publish","format-standard","has-post-thumbnail","hentry","category-chaco","category-politica","category-ultimo"],"jetpack_publicize_connections":[],"jetpack_featured_media_url":"https:\/\/portalmovil.com.ar\/wp-content\/uploads\/2023\/05\/646e0996944d1271671569.jpg","jetpack_sharing_enabled":true,"amp_enabled":true,"_links":{"self":[{"href":"https:\/\/portalmovil.com.ar\/index.php\/wp-json\/wp\/v2\/posts\/76788","targetHints":{"allow":["GET"]}}],"collection":[{"href":"https:\/\/portalmovil.com.ar\/index.php\/wp-json\/wp\/v2\/posts"}],"about":[{"href":"https:\/\/portalmovil.com.ar\/index.php\/wp-json\/wp\/v2\/types\/post"}],"author":[{"embeddable":true,"href":"https:\/\/portalmovil.com.ar\/index.php\/wp-json\/wp\/v2\/users\/2"}],"replies":[{"embeddable":true,"href":"https:\/\/portalmovil.com.ar\/index.php\/wp-json\/wp\/v2\/comments?post=76788"}],"version-history":[{"count":1,"href":"https:\/\/portalmovil.com.ar\/index.php\/wp-json\/wp\/v2\/posts\/76788\/revisions"}],"predecessor-version":[{"id":76790,"href":"https:\/\/portalmovil.com.ar\/index.php\/wp-json\/wp\/v2\/posts\/76788\/revisions\/76790"}],"wp:featuredmedia":[{"embeddable":true,"href":"https:\/\/portalmovil.com.ar\/index.php\/wp-json\/wp\/v2\/media\/76789"}],"wp:attachment":[{"href":"https:\/\/portalmovil.com.ar\/index.php\/wp-json\/wp\/v2\/media?parent=76788"}],"wp:term":[{"taxonomy":"category","embeddable":true,"href":"https:\/\/portalmovil.com.ar\/index.php\/wp-json\/wp\/v2\/categories?post=76788"},{"taxonomy":"post_tag","embeddable":true,"href":"https:\/\/portalmovil.com.ar\/index.php\/wp-json\/wp\/v2\/tags?post=76788"}],"curies":[{"name":"wp","href":"https:\/\/api.w.org\/{rel}","templated":true}]}}