{"id":7669,"date":"2020-06-13T11:29:08","date_gmt":"2020-06-13T14:29:08","guid":{"rendered":"http:\/\/portalmovil.com.ar\/?p=7669"},"modified":"2020-06-13T11:29:16","modified_gmt":"2020-06-13T14:29:16","slug":"el-ministro-de-salud-sostiene-que-no-se-puede-pensar-en-habilitar-el-futbol","status":"publish","type":"post","link":"https:\/\/portalmovil.com.ar\/index.php\/2020\/06\/13\/el-ministro-de-salud-sostiene-que-no-se-puede-pensar-en-habilitar-el-futbol\/","title":{"rendered":"El ministro de Salud sostiene que no se puede pensar en habilitar el f\u00fatbol"},"content":{"rendered":"\n<p>El Ministro de Salud de la Naci\u00f3n, Gin\u00e9s Gonz\u00e1lez Garc\u00eda, ensay\u00f3 una lac\u00f3nica negativa sobre un inmediato regreso de la actividad futbol\u00edstica, en medio del coronavirus, reafirmando que \u201cno se puede pensar en habilitar el f\u00fatbol\u201d, por la creciente cantidad de contagios.<\/p>\n\n\n\n<p>\u201cNo se puede pensar en habilitar el f\u00fatbol ni en el AMBA ni en el resto del pa\u00eds en el corto plazo\u201d, expres\u00f3 el m\u00e1ximo funcionario de la cartera sanitaria.<\/p>\n\n\n\n<p>La Argentina vivi\u00f3 el viernes un record de contagios por Covid-19, al arrojar resultado positivo los tests de 1391 personas. Es la m\u00e1xima cantidad desde que arranc\u00f3 la pandemia en marzo pasado.<\/p>\n\n\n\n<p>\u201cNo veo necesidad de que vuelva a entrenarse en el f\u00fatbol competitivo. No veo por qu\u00e9 hay tanta ansiedad\u201d, consider\u00f3 Gonz\u00e1lez Garc\u00eda, en una charla que reprodujo la Red Argentina de Periodismo Cient\u00edfico.<\/p>\n\n\n\n<p>Durante la semana, distintos clubes del interior del pa\u00eds, como Talleres de C\u00f3rdoba y Godoy Cruz de Mendoza, elevaron sendos protocolos para empezar los entrenamientos de sus respectivos planteles profesionales.<\/p>\n\n\n\n<p>Inclusive para el martes venidero estaba prevista una reuni\u00f3n virtual entre autoridades de AFA, dirigentes de clubes, representantes del Ministerio de Deporte y Turismo y funcionarios de Salud para intentar otorgar una \u201cfecha estimativa\u201d de retorno a las pr\u00e1cticas para los equipos del f\u00fatbol local.<\/p>\n","protected":false},"excerpt":{"rendered":"<p>El Ministro de Salud de la Naci\u00f3n, Gin\u00e9s Gonz\u00e1lez Garc\u00eda, ensay\u00f3 una lac\u00f3nica negativa sobre un inmediato regreso de la actividad futbol\u00edstica, en medio del coronavirus, reafirmando que \u201cno se puede pensar en habilitar el f\u00fatbol\u201d, por la creciente cantidad de contagios. \u201cNo se puede pensar en habilitar el f\u00fatbol ni en el AMBA ni &hellip;<\/p>\n","protected":false},"author":2,"featured_media":7056,"comment_status":"open","ping_status":"open","sticky":false,"template":"","format":"standard","meta":{"_jetpack_memberships_contains_paid_content":false,"footnotes":"","jetpack_publicize_message":"","jetpack_publicize_feature_enabled":true,"jetpack_social_post_already_shared":true,"jetpack_social_options":{"image_generator_settings":{"template":"highway","default_image_id":0,"font":"","enabled":false},"version":2}},"categories":[15,46],"tags":[],"class_list":["post-7669","post","type-post","status-publish","format-standard","has-post-thumbnail","hentry","category-deportes","category-salud"],"jetpack_publicize_connections":[],"jetpack_featured_media_url":"https:\/\/portalmovil.com.ar\/wp-content\/uploads\/2020\/05\/5e9df70e3d634_570_303.jpg","jetpack_sharing_enabled":true,"amp_enabled":true,"_links":{"self":[{"href":"https:\/\/portalmovil.com.ar\/index.php\/wp-json\/wp\/v2\/posts\/7669","targetHints":{"allow":["GET"]}}],"collection":[{"href":"https:\/\/portalmovil.com.ar\/index.php\/wp-json\/wp\/v2\/posts"}],"about":[{"href":"https:\/\/portalmovil.com.ar\/index.php\/wp-json\/wp\/v2\/types\/post"}],"author":[{"embeddable":true,"href":"https:\/\/portalmovil.com.ar\/index.php\/wp-json\/wp\/v2\/users\/2"}],"replies":[{"embeddable":true,"href":"https:\/\/portalmovil.com.ar\/index.php\/wp-json\/wp\/v2\/comments?post=7669"}],"version-history":[{"count":1,"href":"https:\/\/portalmovil.com.ar\/index.php\/wp-json\/wp\/v2\/posts\/7669\/revisions"}],"predecessor-version":[{"id":7670,"href":"https:\/\/portalmovil.com.ar\/index.php\/wp-json\/wp\/v2\/posts\/7669\/revisions\/7670"}],"wp:featuredmedia":[{"embeddable":true,"href":"https:\/\/portalmovil.com.ar\/index.php\/wp-json\/wp\/v2\/media\/7056"}],"wp:attachment":[{"href":"https:\/\/portalmovil.com.ar\/index.php\/wp-json\/wp\/v2\/media?parent=7669"}],"wp:term":[{"taxonomy":"category","embeddable":true,"href":"https:\/\/portalmovil.com.ar\/index.php\/wp-json\/wp\/v2\/categories?post=7669"},{"taxonomy":"post_tag","embeddable":true,"href":"https:\/\/portalmovil.com.ar\/index.php\/wp-json\/wp\/v2\/tags?post=7669"}],"curies":[{"name":"wp","href":"https:\/\/api.w.org\/{rel}","templated":true}]}}