{"id":76667,"date":"2023-05-22T10:27:00","date_gmt":"2023-05-22T13:27:00","guid":{"rendered":"https:\/\/portalmovil.com.ar\/?p=76667"},"modified":"2023-05-22T10:28:21","modified_gmt":"2023-05-22T13:28:21","slug":"ascenso-de-temperatura-en-el-pronostico-de-resistencia-hasta-el-miercoles","status":"publish","type":"post","link":"https:\/\/portalmovil.com.ar\/index.php\/2023\/05\/22\/ascenso-de-temperatura-en-el-pronostico-de-resistencia-hasta-el-miercoles\/","title":{"rendered":"Ascenso de temperatura en el pron\u00f3stico de Resistencia hasta el mi\u00e9rcoles"},"content":{"rendered":"\n<p>El Servicio Meteorol\u00f3gico Nacional pronostic\u00f3 ascenso de temperatura para las jornadas del martes y mi\u00e9rcoles en Resistencia. Hoy lunes 22 la m\u00e1xima ya se ubicar\u00e1 en los 25\u00ba con una m\u00ednima de 16\u00ba, en un d\u00eda marcado por la humedad y sin vientos importantes.&nbsp;<\/p>\n\n\n\n<p>El&nbsp;<strong>martes 23<\/strong>&nbsp;arrancar\u00e1 con una jornada casi primaveral: 18\u00ba de m\u00ednima y 29\u00ba de m\u00e1xima. Los vientos ir\u00e1n rotando del Norte al Noreste, con r\u00e1fagas de 7 a 12 kil\u00f3metros por hora.&nbsp;<\/p>\n\n\n\n<p>El&nbsp;<strong>mi\u00e9rcoles 24<\/strong>&nbsp;la jornada ser\u00e1 chaque\u00f1a: viento del Norte marcado, con r\u00e1fagas de 40 a 50 kil\u00f3metros por hora, con una temperatura m\u00ednima de 22\u00ba y m\u00e1xima de 29\u00ba. El cielo estar\u00e1 parcialmente nublado y generar\u00e1 las condiciones clim\u00e1ticas para el jueves 25.&nbsp;<\/p>\n\n\n\n<p>El&nbsp;<strong>jueves 25<\/strong>&nbsp;de mayo ser\u00e1 una jornada inestable con el cielo mayormente nublado, con un 10 a 40% de probabilidades de tormentas aisladas, con leve descenso de temperatura.&nbsp;<\/p>\n","protected":false},"excerpt":{"rendered":"<p>El Servicio Meteorol\u00f3gico Nacional pronostic\u00f3 ascenso de temperatura para las jornadas del martes y mi\u00e9rcoles en Resistencia. Hoy lunes 22 la m\u00e1xima ya se ubicar\u00e1 en los 25\u00ba con una m\u00ednima de 16\u00ba, en un d\u00eda marcado por la humedad y sin vientos importantes.&nbsp; El&nbsp;martes 23&nbsp;arrancar\u00e1 con una jornada casi primaveral: 18\u00ba de m\u00ednima y &hellip;<\/p>\n","protected":false},"author":2,"featured_media":10232,"comment_status":"open","ping_status":"open","sticky":false,"template":"","format":"standard","meta":{"_jetpack_memberships_contains_paid_content":false,"footnotes":"","jetpack_publicize_message":"","jetpack_publicize_feature_enabled":true,"jetpack_social_post_already_shared":true,"jetpack_social_options":{"image_generator_settings":{"template":"highway","default_image_id":0,"font":"","enabled":false},"version":2}},"categories":[28,5],"tags":[],"class_list":["post-76667","post","type-post","status-publish","format-standard","has-post-thumbnail","hentry","category-actualidad","category-chaco"],"jetpack_publicize_connections":[],"jetpack_featured_media_url":"https:\/\/portalmovil.com.ar\/wp-content\/uploads\/2020\/07\/90643325_2455182814793742_2533884478183440384_o.jpg","jetpack_sharing_enabled":true,"amp_enabled":true,"_links":{"self":[{"href":"https:\/\/portalmovil.com.ar\/index.php\/wp-json\/wp\/v2\/posts\/76667","targetHints":{"allow":["GET"]}}],"collection":[{"href":"https:\/\/portalmovil.com.ar\/index.php\/wp-json\/wp\/v2\/posts"}],"about":[{"href":"https:\/\/portalmovil.com.ar\/index.php\/wp-json\/wp\/v2\/types\/post"}],"author":[{"embeddable":true,"href":"https:\/\/portalmovil.com.ar\/index.php\/wp-json\/wp\/v2\/users\/2"}],"replies":[{"embeddable":true,"href":"https:\/\/portalmovil.com.ar\/index.php\/wp-json\/wp\/v2\/comments?post=76667"}],"version-history":[{"count":1,"href":"https:\/\/portalmovil.com.ar\/index.php\/wp-json\/wp\/v2\/posts\/76667\/revisions"}],"predecessor-version":[{"id":76669,"href":"https:\/\/portalmovil.com.ar\/index.php\/wp-json\/wp\/v2\/posts\/76667\/revisions\/76669"}],"wp:featuredmedia":[{"embeddable":true,"href":"https:\/\/portalmovil.com.ar\/index.php\/wp-json\/wp\/v2\/media\/10232"}],"wp:attachment":[{"href":"https:\/\/portalmovil.com.ar\/index.php\/wp-json\/wp\/v2\/media?parent=76667"}],"wp:term":[{"taxonomy":"category","embeddable":true,"href":"https:\/\/portalmovil.com.ar\/index.php\/wp-json\/wp\/v2\/categories?post=76667"},{"taxonomy":"post_tag","embeddable":true,"href":"https:\/\/portalmovil.com.ar\/index.php\/wp-json\/wp\/v2\/tags?post=76667"}],"curies":[{"name":"wp","href":"https:\/\/api.w.org\/{rel}","templated":true}]}}