{"id":76594,"date":"2023-05-19T08:13:00","date_gmt":"2023-05-19T11:13:00","guid":{"rendered":"https:\/\/portalmovil.com.ar\/?p=76594"},"modified":"2023-05-19T20:15:35","modified_gmt":"2023-05-19T23:15:35","slug":"alberto-fernandez-convoco-a-plaza-de-mayo-el-25-a-escuchar-a-cristina-y-homenajear-a-nestor-kirchner","status":"publish","type":"post","link":"https:\/\/portalmovil.com.ar\/index.php\/2023\/05\/19\/alberto-fernandez-convoco-a-plaza-de-mayo-el-25-a-escuchar-a-cristina-y-homenajear-a-nestor-kirchner\/","title":{"rendered":"Alberto Fern\u00e1ndez convoc\u00f3 a Plaza de Mayo el 25 a \u00abescuchar\u00bb a Cristina y homenajear a N\u00e9stor Kirchner"},"content":{"rendered":"\n<p>El presidente\u00a0Alberto Fern\u00e1ndez\u00a0convoc\u00f3 este viernes 19 de mayo<strong>\u00a0a participar del acto que organizan los sectores que respaldan a la vicepresidenta Cristina Kirchner,<\/strong>\u00a0previsto para el jueves 25 en Plaza de Mayo, a 20 a\u00f1os de la asunci\u00f3n de N\u00e9stor Kirchner en el gobierno.<\/p>\n\n\n\n<p>La titular del Senado ser\u00e1 la principal oradora del evento y, en la\u00a0reciente entrevista que dio a\u00a0C5N,\u00a0convoc\u00f3 a la ciudadan\u00eda a ir a la plaza para conmemorar el d\u00eda de 2003 en que el kirchnerismo inici\u00f3 su primer mandato.\u00a0<\/p>\n\n\n\n<p>El llamado del mandatario llega&nbsp;el d\u00eda despu\u00e9s de que Fern\u00e1ndez de Kirchner reapareciera en televisi\u00f3n, desde donde ratific\u00f3 adem\u00e1s que no ser\u00e1 candidata en las elecciones&nbsp;presidenciales.Tambi\u00e9n en ese reportaje habl\u00f3 del malestar con Alberto Fern\u00e1ndez durante la campa\u00f1a en 2019, cuando \u00e9l opin\u00f3 sobre el d\u00f3lar a 60 pesos, aunque&nbsp;<strong>fue la \u00fanica figura pol\u00edtica de primera l\u00ednea a quien no mencion\u00f3 con nombre y apellido<\/strong>.<\/p>\n","protected":false},"excerpt":{"rendered":"<p>El presidente\u00a0Alberto Fern\u00e1ndez\u00a0convoc\u00f3 este viernes 19 de mayo\u00a0a participar del acto que organizan los sectores que respaldan a la vicepresidenta Cristina Kirchner,\u00a0previsto para el jueves 25 en Plaza de Mayo, a 20 a\u00f1os de la asunci\u00f3n de N\u00e9stor Kirchner en el gobierno. La titular del Senado ser\u00e1 la principal oradora del evento y, en la\u00a0reciente &hellip;<\/p>\n","protected":false},"author":2,"featured_media":76595,"comment_status":"open","ping_status":"open","sticky":false,"template":"","format":"standard","meta":{"_jetpack_memberships_contains_paid_content":false,"footnotes":"","jetpack_publicize_message":"","jetpack_publicize_feature_enabled":true,"jetpack_social_post_already_shared":true,"jetpack_social_options":{"image_generator_settings":{"template":"highway","default_image_id":0,"font":"","enabled":false},"version":2}},"categories":[639,14,12],"tags":[],"class_list":["post-76594","post","type-post","status-publish","format-standard","has-post-thumbnail","hentry","category-argentina","category-politica","category-ultimo"],"jetpack_publicize_connections":[],"jetpack_featured_media_url":"https:\/\/portalmovil.com.ar\/wp-content\/uploads\/2023\/05\/621e5183b4f2b_1200.jpg","jetpack_sharing_enabled":true,"amp_enabled":true,"_links":{"self":[{"href":"https:\/\/portalmovil.com.ar\/index.php\/wp-json\/wp\/v2\/posts\/76594","targetHints":{"allow":["GET"]}}],"collection":[{"href":"https:\/\/portalmovil.com.ar\/index.php\/wp-json\/wp\/v2\/posts"}],"about":[{"href":"https:\/\/portalmovil.com.ar\/index.php\/wp-json\/wp\/v2\/types\/post"}],"author":[{"embeddable":true,"href":"https:\/\/portalmovil.com.ar\/index.php\/wp-json\/wp\/v2\/users\/2"}],"replies":[{"embeddable":true,"href":"https:\/\/portalmovil.com.ar\/index.php\/wp-json\/wp\/v2\/comments?post=76594"}],"version-history":[{"count":1,"href":"https:\/\/portalmovil.com.ar\/index.php\/wp-json\/wp\/v2\/posts\/76594\/revisions"}],"predecessor-version":[{"id":76596,"href":"https:\/\/portalmovil.com.ar\/index.php\/wp-json\/wp\/v2\/posts\/76594\/revisions\/76596"}],"wp:featuredmedia":[{"embeddable":true,"href":"https:\/\/portalmovil.com.ar\/index.php\/wp-json\/wp\/v2\/media\/76595"}],"wp:attachment":[{"href":"https:\/\/portalmovil.com.ar\/index.php\/wp-json\/wp\/v2\/media?parent=76594"}],"wp:term":[{"taxonomy":"category","embeddable":true,"href":"https:\/\/portalmovil.com.ar\/index.php\/wp-json\/wp\/v2\/categories?post=76594"},{"taxonomy":"post_tag","embeddable":true,"href":"https:\/\/portalmovil.com.ar\/index.php\/wp-json\/wp\/v2\/tags?post=76594"}],"curies":[{"name":"wp","href":"https:\/\/api.w.org\/{rel}","templated":true}]}}