{"id":76522,"date":"2023-05-18T18:53:16","date_gmt":"2023-05-18T21:53:16","guid":{"rendered":"https:\/\/portalmovil.com.ar\/?p=76522"},"modified":"2023-05-18T18:53:19","modified_gmt":"2023-05-18T21:53:19","slug":"gustavo-martinez-sobre-el-dia-de-la-escarapela-es-fundamental-revalorizar-nuestros-simbolos-patrios","status":"publish","type":"post","link":"https:\/\/portalmovil.com.ar\/index.php\/2023\/05\/18\/gustavo-martinez-sobre-el-dia-de-la-escarapela-es-fundamental-revalorizar-nuestros-simbolos-patrios\/","title":{"rendered":"Gustavo Mart\u00ednez sobre el D\u00eda de la Escarapela: \u00abEs fundamental revalorizar nuestros s\u00edmbolos patrios\u00bb"},"content":{"rendered":"\n<p>El intendente de Resistencia,<strong>&nbsp;Gustavo Mart\u00ednez<\/strong>, encabez\u00f3 este jueves el izamiento de la Bandera Nacional en el M\u00e1stil Mayor de la avenida 9 de julio por el&nbsp;<strong>D\u00eda de la Escarapela<\/strong>.<\/p>\n\n\n\n<p>De esta forma, el Municipio de Resistencia comenz\u00f3 con las diversas actividades que se realizar\u00e1n durante la Semana de Mayo para celebrar los actos patrios.<\/p>\n\n\n\n<p>Participaron autoridades municipales, diputados, miembros de la Comisi\u00f3n Oficial de Fiestas Patrias, la Banda Militar \u00abMaestro Domingo Maracci\u00bb y alumnos de instituciones educativas.<\/p>\n\n\n\n<p>En la oportunidad, Gustavo Mart\u00ednez sostuvo que \u00ab<strong>el D\u00eda de la Escarapela junto al 25 de Mayo constituyen los valores m\u00e1s importantes que tenemos que recuperar<\/strong>\u00ab.<\/p>\n\n\n\n<p>Asimismo, indic\u00f3 que \u00ab<strong>los argentinos necesitamos estar unidos y para eso es fundamental revalorizar los s\u00edmbolos patrios<\/strong>\u00ab.<\/p>\n\n\n\n<p>Para finalizar, se\u00f1al\u00f3 que \u00ab<strong>todos tendr\u00edamos que tener puesta nuestra escarapela para lucir los colores celeste y blanco que nos unen como argentinos<\/strong>\u00ab.<\/p>\n","protected":false},"excerpt":{"rendered":"<p>El intendente de Resistencia,&nbsp;Gustavo Mart\u00ednez, encabez\u00f3 este jueves el izamiento de la Bandera Nacional en el M\u00e1stil Mayor de la avenida 9 de julio por el&nbsp;D\u00eda de la Escarapela. De esta forma, el Municipio de Resistencia comenz\u00f3 con las diversas actividades que se realizar\u00e1n durante la Semana de Mayo para celebrar los actos patrios. Participaron &hellip;<\/p>\n","protected":false},"author":2,"featured_media":76523,"comment_status":"open","ping_status":"open","sticky":false,"template":"","format":"standard","meta":{"_jetpack_memberships_contains_paid_content":false,"footnotes":"","jetpack_publicize_message":"","jetpack_publicize_feature_enabled":true,"jetpack_social_post_already_shared":true,"jetpack_social_options":{"image_generator_settings":{"template":"highway","default_image_id":0,"font":"","enabled":false},"version":2}},"categories":[14,37],"tags":[],"class_list":["post-76522","post","type-post","status-publish","format-standard","has-post-thumbnail","hentry","category-politica","category-resistencia"],"jetpack_publicize_connections":[],"jetpack_featured_media_url":"https:\/\/portalmovil.com.ar\/wp-content\/uploads\/2023\/05\/575004w850h587c.jpg.webp","jetpack_sharing_enabled":true,"amp_enabled":true,"_links":{"self":[{"href":"https:\/\/portalmovil.com.ar\/index.php\/wp-json\/wp\/v2\/posts\/76522","targetHints":{"allow":["GET"]}}],"collection":[{"href":"https:\/\/portalmovil.com.ar\/index.php\/wp-json\/wp\/v2\/posts"}],"about":[{"href":"https:\/\/portalmovil.com.ar\/index.php\/wp-json\/wp\/v2\/types\/post"}],"author":[{"embeddable":true,"href":"https:\/\/portalmovil.com.ar\/index.php\/wp-json\/wp\/v2\/users\/2"}],"replies":[{"embeddable":true,"href":"https:\/\/portalmovil.com.ar\/index.php\/wp-json\/wp\/v2\/comments?post=76522"}],"version-history":[{"count":1,"href":"https:\/\/portalmovil.com.ar\/index.php\/wp-json\/wp\/v2\/posts\/76522\/revisions"}],"predecessor-version":[{"id":76524,"href":"https:\/\/portalmovil.com.ar\/index.php\/wp-json\/wp\/v2\/posts\/76522\/revisions\/76524"}],"wp:featuredmedia":[{"embeddable":true,"href":"https:\/\/portalmovil.com.ar\/index.php\/wp-json\/wp\/v2\/media\/76523"}],"wp:attachment":[{"href":"https:\/\/portalmovil.com.ar\/index.php\/wp-json\/wp\/v2\/media?parent=76522"}],"wp:term":[{"taxonomy":"category","embeddable":true,"href":"https:\/\/portalmovil.com.ar\/index.php\/wp-json\/wp\/v2\/categories?post=76522"},{"taxonomy":"post_tag","embeddable":true,"href":"https:\/\/portalmovil.com.ar\/index.php\/wp-json\/wp\/v2\/tags?post=76522"}],"curies":[{"name":"wp","href":"https:\/\/api.w.org\/{rel}","templated":true}]}}