{"id":76489,"date":"2023-05-18T09:50:57","date_gmt":"2023-05-18T12:50:57","guid":{"rendered":"https:\/\/portalmovil.com.ar\/?p=76489"},"modified":"2023-05-18T09:51:00","modified_gmt":"2023-05-18T12:51:00","slug":"el-dipy-seria-el-candidato-a-intendente-de-milei-en-la-matanza","status":"publish","type":"post","link":"https:\/\/portalmovil.com.ar\/index.php\/2023\/05\/18\/el-dipy-seria-el-candidato-a-intendente-de-milei-en-la-matanza\/","title":{"rendered":"\u00abEl Dipy\u00bb ser\u00eda el candidato a intendente de Milei en La Matanza"},"content":{"rendered":"\n<p>Javier Milei confirm\u00f3 que pretende que David Adri\u00e1n Mart\u00ednez, m\u00e1s conocido como \u201cEl Dipy\u201d, sea el candidato a intendente de su espacio en La Matanza. \u201cEstamos muy avanzados en las negociaciones\u201d, afirm\u00f3. Asegur\u00f3 que el cantante de cumbia inici\u00f3 un proceso de formaci\u00f3n \u201cfenomenal\u201d y recalc\u00f3 que a la decisi\u00f3n solo \u201cfalta ponerle el mo\u00f1o\u201d.<\/p>\n\n\n\n<p>\u201cSoy amigo del Dipy. Tenemos una fuerte interacci\u00f3n en t\u00e9rminos de lectura y estamos muy avanzados en las negociaciones. Creemos que ser\u00eda un gran intendente para La Matanza\u201d, afirm\u00f3 el precandidato presidencial en declaraciones al programa A dos Voces en TN. Adem\u00e1s, ironiz\u00f3 con que solo \u201cfalta ponerle el mo\u00f1o\u201d a la decisi\u00f3n porque \u201cya habl\u00f3 con el jefe\u201d.<\/p>\n\n\n\n<p>Milei se\u00f1al\u00f3 que que el artista de 45 a\u00f1os trabaja intensamente para capacitarse. \u201cHay grandes chances porque es un gran ser humano, somos amigos y est\u00e1 haciendo un proceso de crecimiento en cuanto a formaci\u00f3n fenomenal&#8230; Creemos que puede dar un batacazo en un basti\u00f3n peronista y poner en jaque a la provincia y al kirchnerismo\u201d, especul\u00f3.<\/p>\n","protected":false},"excerpt":{"rendered":"<p>Javier Milei confirm\u00f3 que pretende que David Adri\u00e1n Mart\u00ednez, m\u00e1s conocido como \u201cEl Dipy\u201d, sea el candidato a intendente de su espacio en La Matanza. \u201cEstamos muy avanzados en las negociaciones\u201d, afirm\u00f3. Asegur\u00f3 que el cantante de cumbia inici\u00f3 un proceso de formaci\u00f3n \u201cfenomenal\u201d y recalc\u00f3 que a la decisi\u00f3n solo \u201cfalta ponerle el mo\u00f1o\u201d. &hellip;<\/p>\n","protected":false},"author":2,"featured_media":76490,"comment_status":"open","ping_status":"open","sticky":false,"template":"","format":"standard","meta":{"_jetpack_memberships_contains_paid_content":false,"footnotes":"","jetpack_publicize_message":"","jetpack_publicize_feature_enabled":true,"jetpack_social_post_already_shared":true,"jetpack_social_options":{"image_generator_settings":{"template":"highway","default_image_id":0,"font":"","enabled":false},"version":2}},"categories":[639,14],"tags":[],"class_list":["post-76489","post","type-post","status-publish","format-standard","has-post-thumbnail","hentry","category-argentina","category-politica"],"jetpack_publicize_connections":[],"jetpack_featured_media_url":"https:\/\/portalmovil.com.ar\/wp-content\/uploads\/2023\/05\/imagenpng.webp","jetpack_sharing_enabled":true,"amp_enabled":true,"_links":{"self":[{"href":"https:\/\/portalmovil.com.ar\/index.php\/wp-json\/wp\/v2\/posts\/76489","targetHints":{"allow":["GET"]}}],"collection":[{"href":"https:\/\/portalmovil.com.ar\/index.php\/wp-json\/wp\/v2\/posts"}],"about":[{"href":"https:\/\/portalmovil.com.ar\/index.php\/wp-json\/wp\/v2\/types\/post"}],"author":[{"embeddable":true,"href":"https:\/\/portalmovil.com.ar\/index.php\/wp-json\/wp\/v2\/users\/2"}],"replies":[{"embeddable":true,"href":"https:\/\/portalmovil.com.ar\/index.php\/wp-json\/wp\/v2\/comments?post=76489"}],"version-history":[{"count":1,"href":"https:\/\/portalmovil.com.ar\/index.php\/wp-json\/wp\/v2\/posts\/76489\/revisions"}],"predecessor-version":[{"id":76491,"href":"https:\/\/portalmovil.com.ar\/index.php\/wp-json\/wp\/v2\/posts\/76489\/revisions\/76491"}],"wp:featuredmedia":[{"embeddable":true,"href":"https:\/\/portalmovil.com.ar\/index.php\/wp-json\/wp\/v2\/media\/76490"}],"wp:attachment":[{"href":"https:\/\/portalmovil.com.ar\/index.php\/wp-json\/wp\/v2\/media?parent=76489"}],"wp:term":[{"taxonomy":"category","embeddable":true,"href":"https:\/\/portalmovil.com.ar\/index.php\/wp-json\/wp\/v2\/categories?post=76489"},{"taxonomy":"post_tag","embeddable":true,"href":"https:\/\/portalmovil.com.ar\/index.php\/wp-json\/wp\/v2\/tags?post=76489"}],"curies":[{"name":"wp","href":"https:\/\/api.w.org\/{rel}","templated":true}]}}