{"id":76298,"date":"2023-05-14T20:05:31","date_gmt":"2023-05-14T23:05:31","guid":{"rendered":"https:\/\/portalmovil.com.ar\/?p=76298"},"modified":"2023-05-14T20:05:34","modified_gmt":"2023-05-14T23:05:34","slug":"elecciones-en-salta-saenz-arraso-en-las-urnas-y-fue-reelecto-como-gobernador","status":"publish","type":"post","link":"https:\/\/portalmovil.com.ar\/index.php\/2023\/05\/14\/elecciones-en-salta-saenz-arraso-en-las-urnas-y-fue-reelecto-como-gobernador\/","title":{"rendered":"Elecciones en Salta: S\u00e1enz arras\u00f3 en las urnas y fue reelecto como gobernador"},"content":{"rendered":"\n<p>El gobernador de Salta,\u00a0<strong>Gustavo S\u00e1enz<\/strong>, fue\u00a0reelecto como mandatario de la provincia\u00a0con casi todas las mesas escrutadas. En el recuento acumula<strong>\u00a047,29%<\/strong>, mientras que por detr\u00e1s figuran Miguel Nanni (Juntos por el Cambio) con\u00a0<strong>17,40%<\/strong>, Emiliano Estrada (Frente Avancemos) con\u00a0<strong>16,19%<\/strong>\u00a0y Walter Wayar (Entre Todos) con<strong>\u00a05,17%.<\/strong>\u00a0En cuanto a las mesas escrutadas, alcanza el\u00a0<strong>98,35%.<\/strong><\/p>\n\n\n\n<p>De esta manera y el representante de\u00a0<strong>Alianza Gustavo Gobernador<\/strong>\u00a0fue reelegido para un nuevo mandato despu\u00e9s de asumir su cargo en 2019. Por otro lado, esta votaci\u00f3n signific\u00f3 un<strong>\u00a0golpe para Juntos por el Cambio<\/strong>, que postul\u00f3 a Nanni y\u00a0<strong>qued\u00f3 detr\u00e1s del oficialismo por mucha diferencia.<\/strong><\/p>\n","protected":false},"excerpt":{"rendered":"<p>El gobernador de Salta,\u00a0Gustavo S\u00e1enz, fue\u00a0reelecto como mandatario de la provincia\u00a0con casi todas las mesas escrutadas. En el recuento acumula\u00a047,29%, mientras que por detr\u00e1s figuran Miguel Nanni (Juntos por el Cambio) con\u00a017,40%, Emiliano Estrada (Frente Avancemos) con\u00a016,19%\u00a0y Walter Wayar (Entre Todos) con\u00a05,17%.\u00a0En cuanto a las mesas escrutadas, alcanza el\u00a098,35%. De esta manera y el representante &hellip;<\/p>\n","protected":false},"author":2,"featured_media":76299,"comment_status":"open","ping_status":"open","sticky":false,"template":"","format":"standard","meta":{"_jetpack_memberships_contains_paid_content":false,"footnotes":"","jetpack_publicize_message":"","jetpack_publicize_feature_enabled":true,"jetpack_social_post_already_shared":true,"jetpack_social_options":{"image_generator_settings":{"template":"highway","default_image_id":0,"font":"","enabled":false},"version":2}},"categories":[639,14],"tags":[],"class_list":["post-76298","post","type-post","status-publish","format-standard","has-post-thumbnail","hentry","category-argentina","category-politica"],"jetpack_publicize_connections":[],"jetpack_featured_media_url":"https:\/\/portalmovil.com.ar\/wp-content\/uploads\/2023\/05\/725167-gustavo-20s-c3-a1enz-20y-20sergio-20massa.jpg","jetpack_sharing_enabled":true,"amp_enabled":true,"_links":{"self":[{"href":"https:\/\/portalmovil.com.ar\/index.php\/wp-json\/wp\/v2\/posts\/76298","targetHints":{"allow":["GET"]}}],"collection":[{"href":"https:\/\/portalmovil.com.ar\/index.php\/wp-json\/wp\/v2\/posts"}],"about":[{"href":"https:\/\/portalmovil.com.ar\/index.php\/wp-json\/wp\/v2\/types\/post"}],"author":[{"embeddable":true,"href":"https:\/\/portalmovil.com.ar\/index.php\/wp-json\/wp\/v2\/users\/2"}],"replies":[{"embeddable":true,"href":"https:\/\/portalmovil.com.ar\/index.php\/wp-json\/wp\/v2\/comments?post=76298"}],"version-history":[{"count":1,"href":"https:\/\/portalmovil.com.ar\/index.php\/wp-json\/wp\/v2\/posts\/76298\/revisions"}],"predecessor-version":[{"id":76300,"href":"https:\/\/portalmovil.com.ar\/index.php\/wp-json\/wp\/v2\/posts\/76298\/revisions\/76300"}],"wp:featuredmedia":[{"embeddable":true,"href":"https:\/\/portalmovil.com.ar\/index.php\/wp-json\/wp\/v2\/media\/76299"}],"wp:attachment":[{"href":"https:\/\/portalmovil.com.ar\/index.php\/wp-json\/wp\/v2\/media?parent=76298"}],"wp:term":[{"taxonomy":"category","embeddable":true,"href":"https:\/\/portalmovil.com.ar\/index.php\/wp-json\/wp\/v2\/categories?post=76298"},{"taxonomy":"post_tag","embeddable":true,"href":"https:\/\/portalmovil.com.ar\/index.php\/wp-json\/wp\/v2\/tags?post=76298"}],"curies":[{"name":"wp","href":"https:\/\/api.w.org\/{rel}","templated":true}]}}