{"id":76290,"date":"2023-05-14T07:52:00","date_gmt":"2023-05-14T10:52:00","guid":{"rendered":"https:\/\/portalmovil.com.ar\/?p=76290"},"modified":"2023-05-14T19:54:43","modified_gmt":"2023-05-14T22:54:43","slug":"se-entregaron-nuevas-viviendas-en-la-zona-sur-de-resistencia","status":"publish","type":"post","link":"https:\/\/portalmovil.com.ar\/index.php\/2023\/05\/14\/se-entregaron-nuevas-viviendas-en-la-zona-sur-de-resistencia\/","title":{"rendered":"Se entregaron nuevas viviendas en la zona sur de Resistencia"},"content":{"rendered":"\n<p>El gobernador Jorge Capitanich entreg\u00f3 este domingo ocho viviendas para personas con discapacidad y habilit\u00f3 un Sal\u00f3n de Usos M\u00faltiples en el barrio Nuevo Sur, Chacra 214 de Resistencia. Las casas fueron construidas con financiamiento del Instituto de Agricultura Familiar y Econom\u00eda Popular (IAEFP) y son parte del plan de urbanizaci\u00f3n de la zona sur de la capital chaque\u00f1a.\u00a0<\/p>\n\n\n\n<figure class=\"wp-block-image size-large\"><img loading=\"lazy\" decoding=\"async\" width=\"1024\" height=\"683\" src=\"https:\/\/portalmovil.com.ar\/wp-content\/uploads\/2023\/05\/FB_IMG_1684104747536-1024x683.jpg\" alt=\"\" class=\"wp-image-76291\" srcset=\"https:\/\/portalmovil.com.ar\/wp-content\/uploads\/2023\/05\/FB_IMG_1684104747536-1024x683.jpg 1024w, https:\/\/portalmovil.com.ar\/wp-content\/uploads\/2023\/05\/FB_IMG_1684104747536-300x200.jpg 300w, https:\/\/portalmovil.com.ar\/wp-content\/uploads\/2023\/05\/FB_IMG_1684104747536-768x512.jpg 768w, https:\/\/portalmovil.com.ar\/wp-content\/uploads\/2023\/05\/FB_IMG_1684104747536.jpg 1080w\" sizes=\"auto, (max-width: 1024px) 100vw, 1024px\" \/><\/figure>\n\n\n\n<p>\u201cSon viviendas construidas a trav\u00e9s del proceso de descentralizaci\u00f3n de las pol\u00edticas p\u00fablicas en organizaciones populares desde el sistema cooperativo, garantizando el derecho a la vivienda digna para m\u00e1s familias\u201d, explic\u00f3 el mandatario, quien adem\u00e1s destac\u00f3 que \u201cm\u00e1s del 70% de las viviendas que se construyen bajo esta metodolog\u00eda tienen la participaci\u00f3n de mujeres como mano de obra calificada\u201d.<\/p>\n\n\n\n<p>Estas casas se construyeron con financiamiento del IAFEP, a trav\u00e9s del Movimiento Forjando Esperanza y la Cooperativa Facundo Sur quienes aportaron la mano de obra, generando adem\u00e1s puestos de trabajo. Forman parte de un plan de 5.000 viviendas (entre construidas y por construirse) ejecutadas a trav\u00e9s de este sistema.La meta del gobierno provincial es llegar a fin de a\u00f1o a cerca de 25.000 soluciones habitacionales.<\/p>\n\n\n\n<p>Se trata de una tarea articulada entre el IAFEP, el Instituto Provincial para la Inclusi\u00f3n de las Personas con Discapacidad (Iprodich) y el Ministerio de Ambiente y Desarrollo Sostenible en la que se defini\u00f3 que el 10% de los lotes con servicios que se generan sean destinados a familias que tengan integrantes con alguna discapacidad.&nbsp;<\/p>\n","protected":false},"excerpt":{"rendered":"<p>El gobernador Jorge Capitanich entreg\u00f3 este domingo ocho viviendas para personas con discapacidad y habilit\u00f3 un Sal\u00f3n de Usos M\u00faltiples en el barrio Nuevo Sur, Chacra 214 de Resistencia. Las casas fueron construidas con financiamiento del Instituto de Agricultura Familiar y Econom\u00eda Popular (IAEFP) y son parte del plan de urbanizaci\u00f3n de la zona sur &hellip;<\/p>\n","protected":false},"author":2,"featured_media":76292,"comment_status":"open","ping_status":"open","sticky":false,"template":"","format":"standard","meta":{"_jetpack_memberships_contains_paid_content":false,"footnotes":"","jetpack_publicize_message":"","jetpack_publicize_feature_enabled":true,"jetpack_social_post_already_shared":true,"jetpack_social_options":{"image_generator_settings":{"template":"highway","default_image_id":0,"font":"","enabled":false},"version":2}},"categories":[5,14,12],"tags":[],"class_list":["post-76290","post","type-post","status-publish","format-standard","has-post-thumbnail","hentry","category-chaco","category-politica","category-ultimo"],"jetpack_publicize_connections":[],"jetpack_featured_media_url":"https:\/\/portalmovil.com.ar\/wp-content\/uploads\/2023\/05\/FB_IMG_1684104744068.jpg","jetpack_sharing_enabled":true,"amp_enabled":true,"_links":{"self":[{"href":"https:\/\/portalmovil.com.ar\/index.php\/wp-json\/wp\/v2\/posts\/76290","targetHints":{"allow":["GET"]}}],"collection":[{"href":"https:\/\/portalmovil.com.ar\/index.php\/wp-json\/wp\/v2\/posts"}],"about":[{"href":"https:\/\/portalmovil.com.ar\/index.php\/wp-json\/wp\/v2\/types\/post"}],"author":[{"embeddable":true,"href":"https:\/\/portalmovil.com.ar\/index.php\/wp-json\/wp\/v2\/users\/2"}],"replies":[{"embeddable":true,"href":"https:\/\/portalmovil.com.ar\/index.php\/wp-json\/wp\/v2\/comments?post=76290"}],"version-history":[{"count":1,"href":"https:\/\/portalmovil.com.ar\/index.php\/wp-json\/wp\/v2\/posts\/76290\/revisions"}],"predecessor-version":[{"id":76293,"href":"https:\/\/portalmovil.com.ar\/index.php\/wp-json\/wp\/v2\/posts\/76290\/revisions\/76293"}],"wp:featuredmedia":[{"embeddable":true,"href":"https:\/\/portalmovil.com.ar\/index.php\/wp-json\/wp\/v2\/media\/76292"}],"wp:attachment":[{"href":"https:\/\/portalmovil.com.ar\/index.php\/wp-json\/wp\/v2\/media?parent=76290"}],"wp:term":[{"taxonomy":"category","embeddable":true,"href":"https:\/\/portalmovil.com.ar\/index.php\/wp-json\/wp\/v2\/categories?post=76290"},{"taxonomy":"post_tag","embeddable":true,"href":"https:\/\/portalmovil.com.ar\/index.php\/wp-json\/wp\/v2\/tags?post=76290"}],"curies":[{"name":"wp","href":"https:\/\/api.w.org\/{rel}","templated":true}]}}