{"id":76251,"date":"2023-05-12T22:07:31","date_gmt":"2023-05-13T01:07:31","guid":{"rendered":"https:\/\/portalmovil.com.ar\/?p=76251"},"modified":"2023-05-12T22:07:34","modified_gmt":"2023-05-13T01:07:34","slug":"sobreseyeron-a-fabian-gianola-en-una-causa-por-abuso-sexual","status":"publish","type":"post","link":"https:\/\/portalmovil.com.ar\/index.php\/2023\/05\/12\/sobreseyeron-a-fabian-gianola-en-una-causa-por-abuso-sexual\/","title":{"rendered":"Sobreseyeron a Fabi\u00e1n Gianola en una causa por abuso sexual"},"content":{"rendered":"\n<p>El actor&nbsp;<strong>Fabi\u00e1n Gianola fue sobrese\u00eddo en la causa por abuso sexual que le hab\u00eda iniciado la actriz Fernanda Meneses<\/strong>, inform\u00f3 este viernes la titular de la Unidad Fiscal Especializada en Violencia contra las Mujeres (UFEM), Mariela Labozzetta.<\/p>\n\n\n\n<p>\u00abSolo recibimos una notificaci\u00f3n del juzgado que est\u00e1 interviniendo, que lleg\u00f3 hoy por sistema, con el sobreseimiento de la causa de abuso sexual iniciada por Fernanda Meneses, que es lo que quedaba sin resolver, pero no tenemos m\u00e1s informaci\u00f3n\u00bb, dijo a T\u00e9lam Labozzeta, titular del organismo.<\/p>\n\n\n\n<p>Labozzetta\u00a0hab\u00eda pedido en marzo de este a\u00f1o el procesamiento\u00a0de Fabi\u00e1n Gianola por\u00a0<strong>\u00ababuso sexual con acceso carnal\u00bb\u00a0<\/strong>por el ataque denunciado, que ocurri\u00f3 en 2011.<\/p>\n\n\n\n<p>La causa se instruy\u00f3 en el Juzgado Nacional en lo Criminal y Correccional No 49, desde donde la fiscal especializada esperaba una respuesta.<\/p>\n\n\n\n<p>Las actuaciones se iniciaron el 3 de junio del 2019, \u00aben virtud de la denuncia realizada por Fernanda Silvia Meneses contra Fabi\u00e1n Javier Gianola ante la Sala de Sorteos de la C\u00e1mara Nacional en lo Criminal y Correccional de la Capital Federal\u00bb, se lee en el fallo de la jueza \u00c1ngeles Mariana G\u00f3mez Maiorano.<\/p>\n\n\n\n<p>\u00abPosteriormente, a la presente investigaci\u00f3n, se acumul\u00f3 materialmente la causa nro. 48829\/19, tambi\u00e9n erigida en contra de Gianola, iniciada el 11 de julio del 2019, a ra\u00edz de la acusaci\u00f3n efectuada por Marcela Viviana Aguirre, ante la Sala de Sorteos de la C\u00e1mara de este Fuero\u00bb, agreg\u00f3 la resoluci\u00f3n.<\/p>\n","protected":false},"excerpt":{"rendered":"<p>El actor&nbsp;Fabi\u00e1n Gianola fue sobrese\u00eddo en la causa por abuso sexual que le hab\u00eda iniciado la actriz Fernanda Meneses, inform\u00f3 este viernes la titular de la Unidad Fiscal Especializada en Violencia contra las Mujeres (UFEM), Mariela Labozzetta. \u00abSolo recibimos una notificaci\u00f3n del juzgado que est\u00e1 interviniendo, que lleg\u00f3 hoy por sistema, con el sobreseimiento de &hellip;<\/p>\n","protected":false},"author":2,"featured_media":76252,"comment_status":"open","ping_status":"open","sticky":false,"template":"","format":"standard","meta":{"_jetpack_memberships_contains_paid_content":false,"footnotes":"","jetpack_publicize_message":"","jetpack_publicize_feature_enabled":true,"jetpack_social_post_already_shared":true,"jetpack_social_options":{"image_generator_settings":{"template":"highway","default_image_id":0,"font":"","enabled":false},"version":2}},"categories":[158],"tags":[],"class_list":["post-76251","post","type-post","status-publish","format-standard","has-post-thumbnail","hentry","category-espectaculos"],"jetpack_publicize_connections":[],"jetpack_featured_media_url":"https:\/\/portalmovil.com.ar\/wp-content\/uploads\/2023\/05\/1640272275_1765490.jpg","jetpack_sharing_enabled":true,"amp_enabled":true,"_links":{"self":[{"href":"https:\/\/portalmovil.com.ar\/index.php\/wp-json\/wp\/v2\/posts\/76251","targetHints":{"allow":["GET"]}}],"collection":[{"href":"https:\/\/portalmovil.com.ar\/index.php\/wp-json\/wp\/v2\/posts"}],"about":[{"href":"https:\/\/portalmovil.com.ar\/index.php\/wp-json\/wp\/v2\/types\/post"}],"author":[{"embeddable":true,"href":"https:\/\/portalmovil.com.ar\/index.php\/wp-json\/wp\/v2\/users\/2"}],"replies":[{"embeddable":true,"href":"https:\/\/portalmovil.com.ar\/index.php\/wp-json\/wp\/v2\/comments?post=76251"}],"version-history":[{"count":1,"href":"https:\/\/portalmovil.com.ar\/index.php\/wp-json\/wp\/v2\/posts\/76251\/revisions"}],"predecessor-version":[{"id":76253,"href":"https:\/\/portalmovil.com.ar\/index.php\/wp-json\/wp\/v2\/posts\/76251\/revisions\/76253"}],"wp:featuredmedia":[{"embeddable":true,"href":"https:\/\/portalmovil.com.ar\/index.php\/wp-json\/wp\/v2\/media\/76252"}],"wp:attachment":[{"href":"https:\/\/portalmovil.com.ar\/index.php\/wp-json\/wp\/v2\/media?parent=76251"}],"wp:term":[{"taxonomy":"category","embeddable":true,"href":"https:\/\/portalmovil.com.ar\/index.php\/wp-json\/wp\/v2\/categories?post=76251"},{"taxonomy":"post_tag","embeddable":true,"href":"https:\/\/portalmovil.com.ar\/index.php\/wp-json\/wp\/v2\/tags?post=76251"}],"curies":[{"name":"wp","href":"https:\/\/api.w.org\/{rel}","templated":true}]}}