{"id":76180,"date":"2023-05-11T05:09:00","date_gmt":"2023-05-11T08:09:00","guid":{"rendered":"https:\/\/portalmovil.com.ar\/?p=76180"},"modified":"2023-05-11T17:11:57","modified_gmt":"2023-05-11T20:11:57","slug":"chaco-se-suma-a-la-campana-nacional-por-la-educacion","status":"publish","type":"post","link":"https:\/\/portalmovil.com.ar\/index.php\/2023\/05\/11\/chaco-se-suma-a-la-campana-nacional-por-la-educacion\/","title":{"rendered":"Chaco se suma a la Campa\u00f1a Nacional por la Educaci\u00f3n"},"content":{"rendered":"\n<p><strong>Chaco es la primera provincia que se suma a la campa\u00f1a nacional de concientizaci\u00f3n de alfabetizaci\u00f3n en el nivel educativo primario, impulsada por la ONG Argentinos por la Educaci\u00f3n.<\/strong>&nbsp;La adhesi\u00f3n se dio este jueves a trav\u00e9s de un convenio entre el gobernador Jorge Capitanich y el director ejecutivo de la organizaci\u00f3n, Ignacio Ibarz\u00e1bal.<\/p>\n\n\n\n<p><strong>La campa\u00f1a se dise\u00f1\u00f3 luego que el estudio de la ONG arroj\u00f3 como resultados que s\u00f3lo uno de cada tres estudiantes de tercer grado \u00abentiende lo que lee\u00bb<\/strong>. De esta forma, y dando continuidad a la pol\u00edtica p\u00fablica llevada adelante por el Gobierno chaque\u00f1o, l<strong>a Provincia se compromete a desarrollar un programa con base en evidencia cient\u00edfica, generar la inversi\u00f3n necesaria para llevar adelante la campa\u00f1a y dar a conocer, de forma anual, los resultados, indicadores y progresos alcanzados.<\/strong><\/p>\n\n\n\n<p>\u00abTrazamos pol\u00edticas educativas desde una mirada plural y diversa teniendo en cuenta a las y los diferentes actores sociales part\u00edcipes de la educaci\u00f3n\u00bb, se\u00f1al\u00f3 el ministro de Educaci\u00f3n, Aldo Lineras, que particip\u00f3 de la reuni\u00f3n.<\/p>\n\n\n\n<p><strong>La ONG Argentinos por la Educaci\u00f3n es \u00abun movimiento plural e independiente conformado por distintos sectores de la sociedad; trabajan con datos para conocer el estado de la educaci\u00f3n en el pa\u00eds, generando espacios para que los dirigentes acuerden pol\u00edticas de Estado\u00bb<\/strong>, afirm\u00f3 Ignacio Ibarz\u00e1bal y agreg\u00f3: \u00abCelebramos que Capitanich se sume al compromiso nacional de priorizar las pol\u00edticas de alfabetizaci\u00f3n del nivel inicial\u00bb.<\/p>\n","protected":false},"excerpt":{"rendered":"<p>Chaco es la primera provincia que se suma a la campa\u00f1a nacional de concientizaci\u00f3n de alfabetizaci\u00f3n en el nivel educativo primario, impulsada por la ONG Argentinos por la Educaci\u00f3n.&nbsp;La adhesi\u00f3n se dio este jueves a trav\u00e9s de un convenio entre el gobernador Jorge Capitanich y el director ejecutivo de la organizaci\u00f3n, Ignacio Ibarz\u00e1bal. La campa\u00f1a &hellip;<\/p>\n","protected":false},"author":2,"featured_media":76181,"comment_status":"open","ping_status":"open","sticky":false,"template":"","format":"standard","meta":{"_jetpack_memberships_contains_paid_content":false,"footnotes":"","jetpack_publicize_message":"","jetpack_publicize_feature_enabled":true,"jetpack_social_post_already_shared":true,"jetpack_social_options":{"image_generator_settings":{"template":"highway","default_image_id":0,"font":"","enabled":false},"version":2}},"categories":[5,14,12],"tags":[],"class_list":["post-76180","post","type-post","status-publish","format-standard","has-post-thumbnail","hentry","category-chaco","category-politica","category-ultimo"],"jetpack_publicize_connections":[],"jetpack_featured_media_url":"https:\/\/portalmovil.com.ar\/wp-content\/uploads\/2023\/05\/574367w850h566c.jpg.webp","jetpack_sharing_enabled":true,"amp_enabled":true,"_links":{"self":[{"href":"https:\/\/portalmovil.com.ar\/index.php\/wp-json\/wp\/v2\/posts\/76180","targetHints":{"allow":["GET"]}}],"collection":[{"href":"https:\/\/portalmovil.com.ar\/index.php\/wp-json\/wp\/v2\/posts"}],"about":[{"href":"https:\/\/portalmovil.com.ar\/index.php\/wp-json\/wp\/v2\/types\/post"}],"author":[{"embeddable":true,"href":"https:\/\/portalmovil.com.ar\/index.php\/wp-json\/wp\/v2\/users\/2"}],"replies":[{"embeddable":true,"href":"https:\/\/portalmovil.com.ar\/index.php\/wp-json\/wp\/v2\/comments?post=76180"}],"version-history":[{"count":1,"href":"https:\/\/portalmovil.com.ar\/index.php\/wp-json\/wp\/v2\/posts\/76180\/revisions"}],"predecessor-version":[{"id":76182,"href":"https:\/\/portalmovil.com.ar\/index.php\/wp-json\/wp\/v2\/posts\/76180\/revisions\/76182"}],"wp:featuredmedia":[{"embeddable":true,"href":"https:\/\/portalmovil.com.ar\/index.php\/wp-json\/wp\/v2\/media\/76181"}],"wp:attachment":[{"href":"https:\/\/portalmovil.com.ar\/index.php\/wp-json\/wp\/v2\/media?parent=76180"}],"wp:term":[{"taxonomy":"category","embeddable":true,"href":"https:\/\/portalmovil.com.ar\/index.php\/wp-json\/wp\/v2\/categories?post=76180"},{"taxonomy":"post_tag","embeddable":true,"href":"https:\/\/portalmovil.com.ar\/index.php\/wp-json\/wp\/v2\/tags?post=76180"}],"curies":[{"name":"wp","href":"https:\/\/api.w.org\/{rel}","templated":true}]}}