{"id":7616,"date":"2020-06-12T00:49:53","date_gmt":"2020-06-12T03:49:53","guid":{"rendered":"http:\/\/portalmovil.com.ar\/?p=7616"},"modified":"2020-06-12T00:49:57","modified_gmt":"2020-06-12T03:49:57","slug":"la-nacion-extendio-el-fondo-compensador-del-transporte-para-el-chaco","status":"publish","type":"post","link":"https:\/\/portalmovil.com.ar\/index.php\/2020\/06\/12\/la-nacion-extendio-el-fondo-compensador-del-transporte-para-el-chaco\/","title":{"rendered":"La Naci\u00f3n extendi\u00f3 el Fondo Compensador del transporte para el Chaco"},"content":{"rendered":"\n<p>El ministro de Transporte de la Naci\u00f3n, Mario Meoni, firm\u00f3 junto con el gobernador Jorge Capitanich, la pr\u00f3rroga por 120 d\u00edas la asistencia del Fondo Compensador, con el fin de restablecer una pol\u00edtica de subsidios equitativa y federal de los fondos del Estado Nacional.<\/p>\n\n\n\n<p>La reuni\u00f3n con Meoni, donde tambi\u00e9n estuvo presente el subsecretario de Transporte Automotor, Gabriel Berm\u00fadez, ten\u00eda el objetivo de analizar las pr\u00f3ximas medidas para llevar adelante en la provincia en materia de transporte.<\/p>\n\n\n\n<p>Adem\u00e1s del Chaco, el Gobierno Nacional ampli\u00f3 el sistema de subsidios a Catamarca, C\u00f3rdoba, Jujuy, La Pampa, La Rioja, Misiones, Neuqu\u00e9n, R\u00edo Negro, San Juan, Santa Fe, Santiago del Estero y Tucum\u00e1n.<\/p>\n\n\n\n<p>Luego de la reuni\u00f3n, el ministro Meoni destac\u00f3 el nuevo convenio firmado con Capitanich \u201cpara sostener el transporte p\u00fablico en Chaco y pudimos analizar las distintas pol\u00edticas de inversi\u00f3n en el transporte para toda la provincia\u201d.<\/p>\n\n\n\n<p>\u201cResulta importante seguir acompa\u00f1ando en el sostenimiento de las compensaciones del transporte p\u00fablico, algo que es esencial para que la gente se pueda movilizar y poder acompa\u00f1ar la grave situaci\u00f3n econ\u00f3mica que tienen las provincias, logrando construir un nuevo sistema de subsidios equitativo y federal\u201d, a\u00f1adi\u00f3 Meoni.<\/p>\n\n\n\n<p>Con el principal objetivo de asistir al servicio de transporte p\u00fablico en las provincias y buscando afianzar la mirada federal del pa\u00eds, la cartera a cargo de Mario Meoni lleva adelante, desde el inicio de su gesti\u00f3n, un an\u00e1lisis integral del sistema de subsidios en su conjunto a nivel pa\u00eds.<\/p>\n\n\n\n<p>En una primera etapa, el Gobierno Nacional a trav\u00e9s del Ministerio de Transporte, asisti\u00f3 a las provincias durante 120 d\u00edas con m\u00e1s de 5.000 millones de pesos, destinados al transporte p\u00fablico urbano e interurbano de pasajeros.<\/p>\n\n\n\n<p>El esfuerzo del Estado responde al conocimiento de la dif\u00edcil situaci\u00f3n en la que se encuentran las provincias, las cuales en este 2020 ya recibieron tres veces m\u00e1s el monto que el gobierno anterior dispuso para el \u00faltimo per\u00edodo del 2019. El anuncio de la firma de hoy extiende el plazo de la asistencia del Fondo Compensador por 120 d\u00edas m\u00e1s.<\/p>\n\n\n\n<p>Puntualmente la Provincia de Chaco y sus municipios a diciembre de 2019 recibieron una cuota promedio mensual de $4.903.319,30 mientras que para los meses de febrero a mayo de 2020, la cartera que ahora depende de Mario Meoni, aument\u00f3 considerablemente la asistencia econ\u00f3mica al destinar $29.062.500,76 promedio mensual.<\/p>\n","protected":false},"excerpt":{"rendered":"<p>El ministro de Transporte de la Naci\u00f3n, Mario Meoni, firm\u00f3 junto con el gobernador Jorge Capitanich, la pr\u00f3rroga por 120 d\u00edas la asistencia del Fondo Compensador, con el fin de restablecer una pol\u00edtica de subsidios equitativa y federal de los fondos del Estado Nacional. La reuni\u00f3n con Meoni, donde tambi\u00e9n estuvo presente el subsecretario de &hellip;<\/p>\n","protected":false},"author":2,"featured_media":7617,"comment_status":"open","ping_status":"open","sticky":false,"template":"","format":"standard","meta":{"_jetpack_memberships_contains_paid_content":false,"footnotes":"","jetpack_publicize_message":"","jetpack_publicize_feature_enabled":true,"jetpack_social_post_already_shared":true,"jetpack_social_options":{"image_generator_settings":{"template":"highway","default_image_id":0,"font":"","enabled":false},"version":2}},"categories":[28,5],"tags":[],"class_list":["post-7616","post","type-post","status-publish","format-standard","has-post-thumbnail","hentry","category-actualidad","category-chaco"],"jetpack_publicize_connections":[],"jetpack_featured_media_url":"https:\/\/portalmovil.com.ar\/wp-content\/uploads\/2020\/06\/50034f20-4fc0-452e-b40e-79e4b3d5a042.jpg","jetpack_sharing_enabled":true,"amp_enabled":true,"_links":{"self":[{"href":"https:\/\/portalmovil.com.ar\/index.php\/wp-json\/wp\/v2\/posts\/7616","targetHints":{"allow":["GET"]}}],"collection":[{"href":"https:\/\/portalmovil.com.ar\/index.php\/wp-json\/wp\/v2\/posts"}],"about":[{"href":"https:\/\/portalmovil.com.ar\/index.php\/wp-json\/wp\/v2\/types\/post"}],"author":[{"embeddable":true,"href":"https:\/\/portalmovil.com.ar\/index.php\/wp-json\/wp\/v2\/users\/2"}],"replies":[{"embeddable":true,"href":"https:\/\/portalmovil.com.ar\/index.php\/wp-json\/wp\/v2\/comments?post=7616"}],"version-history":[{"count":1,"href":"https:\/\/portalmovil.com.ar\/index.php\/wp-json\/wp\/v2\/posts\/7616\/revisions"}],"predecessor-version":[{"id":7618,"href":"https:\/\/portalmovil.com.ar\/index.php\/wp-json\/wp\/v2\/posts\/7616\/revisions\/7618"}],"wp:featuredmedia":[{"embeddable":true,"href":"https:\/\/portalmovil.com.ar\/index.php\/wp-json\/wp\/v2\/media\/7617"}],"wp:attachment":[{"href":"https:\/\/portalmovil.com.ar\/index.php\/wp-json\/wp\/v2\/media?parent=7616"}],"wp:term":[{"taxonomy":"category","embeddable":true,"href":"https:\/\/portalmovil.com.ar\/index.php\/wp-json\/wp\/v2\/categories?post=7616"},{"taxonomy":"post_tag","embeddable":true,"href":"https:\/\/portalmovil.com.ar\/index.php\/wp-json\/wp\/v2\/tags?post=7616"}],"curies":[{"name":"wp","href":"https:\/\/api.w.org\/{rel}","templated":true}]}}